{"id":7150,"date":"2023-05-22T13:53:50","date_gmt":"2023-05-22T11:53:50","guid":{"rendered":"https:\/\/www.rapportoantigone.it\/diciannovesimo-rapporto-sulle-condizioni-di-detenzione\/area-penale-esterna-2\/"},"modified":"2023-05-26T18:17:47","modified_gmt":"2023-05-26T16:17:47","slug":"isolamento-ed-eventi-critici","status":"publish","type":"post","link":"https:\/\/www.rapportoantigone.it\/diciannovesimo-rapporto-sulle-condizioni-di-detenzione\/isolamento-ed-eventi-critici\/","title":{"rendered":"Isolamento ed eventi critici"},"content":{"rendered":"<p>[vc_row][vc_column width=&#8221;1\/4&#8243;][vc_column_text]<!-- Simple Share Buttons Adder (8.5.4) simplesharebuttons.com --><div class=\"ssba-classic-2 ssba ssbp-wrap aligncenter ssbp--theme-1\"><div style=\"text-align:N\"><span class=\"ssba-share-text\">Share this...<\/span><br\/><a data-site=\"facebook\" class=\"ssba_facebook_share ssba_share_link\" href=\"https:\/\/www.facebook.com\/sharer.php?t=Isolamento ed eventi critici&u=https:\/\/www.rapportoantigone.it\/diciannovesimo-rapporto-sulle-condizioni-di-detenzione\/wp-json\/wp\/v2\/posts\/7150\"  style=\"color:; background-color: ; height: 48px; width: 48px; \" ><img src=\"https:\/\/www.rapportoantigone.it\/diciannovesimo-rapporto-sulle-condizioni-di-detenzione\/wp-content\/plugins\/simple-share-buttons-adder\/buttons\/somacro\/facebook.png\" style=\"width: 35px;\" title=\"facebook\" class=\"ssba ssba-img\" alt=\"Share on facebook\" \/><div title=\"Facebook\" class=\"ssbp-text\">Facebook<\/div><\/a><a data-site=\"whatsapp\" class=\"ssba_whatsapp_share ssba_share_link\" href=\"https:\/\/web.whatsapp.com\/send?text=https:\/\/www.rapportoantigone.it\/diciannovesimo-rapporto-sulle-condizioni-di-detenzione\/wp-json\/wp\/v2\/posts\/7150\"  style=\"color:; background-color: ; height: 48px; width: 48px; \" ><img src=\"https:\/\/www.rapportoantigone.it\/diciannovesimo-rapporto-sulle-condizioni-di-detenzione\/wp-content\/plugins\/simple-share-buttons-adder\/buttons\/somacro\/whatsapp.png\" style=\"width: 35px;\" title=\"whatsapp\" class=\"ssba ssba-img\" alt=\"Share on whatsapp\" \/><div title=\"Whatsapp\" class=\"ssbp-text\">Whatsapp<\/div><\/a><a data-site=\"twitter\" class=\"ssba_twitter_share ssba_share_link\" href=\"https:\/\/twitter.com\/intent\/tweet?text=Isolamento ed eventi critici&url=https:\/\/www.rapportoantigone.it\/diciannovesimo-rapporto-sulle-condizioni-di-detenzione\/wp-json\/wp\/v2\/posts\/7150&via=\"  style=\"color:; background-color: ; height: 48px; width: 48px; \" ><img src=\"https:\/\/www.rapportoantigone.it\/diciannovesimo-rapporto-sulle-condizioni-di-detenzione\/wp-content\/plugins\/simple-share-buttons-adder\/buttons\/somacro\/twitter.png\" style=\"width: 35px;\" title=\"twitter\" class=\"ssba ssba-img\" alt=\"Share on twitter\" \/><div title=\"Twitter\" class=\"ssbp-text\">Twitter<\/div><\/a><a data-site=\"linkedin\" class=\"ssba_linkedin_share ssba_share_link\" href=\"https:\/\/www.linkedin.com\/shareArticle?title=Isolamento ed eventi critici&url=https:\/\/www.rapportoantigone.it\/diciannovesimo-rapporto-sulle-condizioni-di-detenzione\/wp-json\/wp\/v2\/posts\/7150\"  style=\"color:; background-color: ; height: 48px; width: 48px; \" ><img src=\"https:\/\/www.rapportoantigone.it\/diciannovesimo-rapporto-sulle-condizioni-di-detenzione\/wp-content\/plugins\/simple-share-buttons-adder\/buttons\/somacro\/linkedin.png\" style=\"width: 35px;\" title=\"linkedin\" class=\"ssba ssba-img\" alt=\"Share on linkedin\" \/><div title=\"Linkedin\" class=\"ssbp-text\">Linkedin<\/div><\/a><\/div><\/div>\u00a0    [\/vc_column_text][\/vc_column][vc_column width=&#8221;3\/4&#8243;]<h4 class=\"grve-element grve-align-left grve-title-no-line grve-h4 titolo\" style=\"\"><span>Isolamento ed eventi critici<\/span><\/h4>[vc_empty_space height=&#8221;5px&#8221;][\/vc_column][\/vc_row][vc_row][vc_column width=&#8221;1\/4&#8243;][\/vc_column][vc_column width=&#8221;3\/4&#8243;][vc_column_text]Nel mondo penitenziario gli eventi critici sono tutti quegli avvenimenti che mettono a repentaglio la sicurezza delle persone detenute, del personale o la sicurezza dell\u2019istituto. Pi\u00f9 in generale gli eventi critici possono dare un\u2019indicazione del clima interno dell\u2019istituto anche in relazione al tipo di popolazione ristretta, i rapporti fra personale e detenuti e le modalit\u00e0 di gestione dei conflitti.<\/p>\n<p>Gli eventi critici includono avvenimenti molto diversi fra loro come ad esempio le morti, i suicidi<span class=\"footnote_referrer\"><a role=\"button\" tabindex=\"0\" onclick=\"footnote_moveToReference_7150_1('footnote_plugin_reference_7150_1_1');\" onkeypress=\"footnote_moveToReference_7150_1('footnote_plugin_reference_7150_1_1');\" ><sup id=\"footnote_plugin_tooltip_7150_1_1\" class=\"footnote_plugin_tooltip_text\">1)<\/sup><\/a><span id=\"footnote_plugin_tooltip_text_7150_1_1\" class=\"footnote_tooltip\"><\/span><\/span>, gli episodi di autolesionismo, le aggressioni, gli atti di protesta e gli isolamenti disciplinari. Durante le visite dell\u2019Osservatorio agli eventi critici \u00e8 riservato uno spazio piuttosto ampio sia dal punto di vista numerico che descrittivo.[\/vc_column_text][\/vc_column][\/vc_row][vc_row][vc_column width=&#8221;1\/4&#8243;][vc_column_text el_class=&#8221;citazione&#8221;]Dal punto di vista qualitativo e descrittivo, gli osservatori di Antigone riportano situazioni molto diverse rispetto ai luoghi e alle condizioni nelle quali l\u2019isolamento (disciplinare) viene eseguito.[\/vc_column_text][\/vc_column][vc_column width=&#8221;3\/4&#8243;][vc_column_text]<\/p>\n<h5><strong>Isolamento<\/strong><\/h5>\n<p>Nell\u2019ambito della privazione della libert\u00e0 personale l\u2019isolamento \u00e8 un momento piuttosto delicato che deve essere monitorato con attenzione. Dal punto di vista qualitativo e descrittivo, gli osservatori di Antigone riportano situazioni molto diverse rispetto ai luoghi e alle condizioni nelle quali l\u2019isolamento (disciplinare) viene eseguito.[\/vc_column_text][vc_column_text]In alcuni istituti l\u2019isolamento disciplinare viene eseguito nella cella del detenuto stesso nel caso in cui sia allocato in cella singola (come ad esempio nella Casa Circondariale di Locri o nella Casa di Reclusione di Bollate), oppure in una specifica cella all\u2019interno della sezione (come nella Casa Circondariale di Trani). In alcuni casi si riporta che l\u2019isolamento non pu\u00f2 essere eseguito per mancanza di spazi (come nella Casa Circondariale di Brindisi) e in alcuni istituti \u00e8 stato specificato che la mancata esecuzione \u00e8 dovuta alla riconversione degli spazi dell\u2019isolamento disciplinare a spazi per l\u2019isolamento sanitario o per il periodo di quarantena (come nella Casa Circondariale di Bari, nella Casa Circondariale e Reclusione di Larino e nella Casa Circondariale di Venezia-Santa Maria Maggiore). In alcuni istituti invece all\u2019isolamento vengono destinate celle nella sezione nuovi giunti (come nella Casa circondariale di Vibo Valentia &#8211; Nuovo Complesso) oppure nella sezione transito (come nella Casa circondariale Catania Bicocca).<\/p>\n<p>Infine nel caso in cui all\u2019isolamento siano dedicate una o pi\u00f9 sezioni \u00e8 importante verificare le condizioni delle celle, che possono essere uguali alle normali stanze detentive (come nella Casa di Reclusione di Augusta e nella Casa circondariale e di reclusione di Campobasso) a volte anche doppie a uso singolo, oppure pi\u00f9 spoglie (come nella Casa Circondariale di Roma &#8220;Regina Coeli&#8221; o nella Casa di Reclusione di Alessandria &#8220;San Michele&#8221;) fino ad arrivare a essere descritte come lisce (ovvero prive di suppellettili e mobilio tranne il letto, spesso ancorato al pavimento, e i sanitari) come nella Casa Circondariale di Cuneo.<\/p>\n<p>Anche rispetto alle condizioni materiali, la situazione \u00e8 molto disomogenea. In alcuni istituti le condizioni delle celle vengono descritte come buone (come ad esempio nella Casa Circondariale di Terni o nella Casa Circondariale Palermo Pagliarelli &#8220;Antonio Lorusso&#8221;) o discrete (come nella Casa di reclusione di Asti) mentre in altri casi gli osservatori hanno trovato celle degradate (come ad esempio nella Casa Circondariale di Ancona &#8211; Montacuto), oppure strutturalmente degradate, buie e con tubi che perdono acqua (come nella Casa Circondariale di Cuneo), oppure sporche, prive di arredi e con bagni non separati (come nella Casa di reclusione &#8220;Gian Battista Novelli&#8221; di Carinola), oppure ancora prive di riscaldamento (come nella Casa di Reclusione di Parma). [\/vc_column_text][\/vc_column][\/vc_row][vc_row][vc_column width=&#8221;1\/4&#8243;][vc_column_text el_class=&#8221;citazione&#8221;]Per esempio nella Casa di Reclusione di Augusta al momento della visita nella sezione di isolamento erano presenti 19 persone di cui nessuna isolata per motivi disciplinari[\/vc_column_text][\/vc_column][vc_column width=&#8221;3\/4&#8243;][vc_column_text]Una peculiarit\u00e0 che a volte emerge dalle visite dell\u2019Osservatorio riguarda le motivazioni per le quali i detenuti sono allocati nelle sezioni (o celle) di isolamento. In alcuni casi infatti le celle di isolamento non vengono utilizzate solo per l\u2019isolamento disciplinare. Per esempio nella Casa di Reclusione di Augusta al momento della visita nella sezione di isolamento erano presenti 19 persone di cui nessuna isolata per motivi disciplinari: alcune erano detenute nella sezione di isolamento per \u201cparticolari cautele\u201d ex art 32 del Regolamento, altre per via di divieti di incontro e altri per via di litigi avvenuti in un\u2019altra sezione (protetti), ma anche per eseguire gli isolamenti fiduciari (quarantena di 5 giorni in ingresso) nel caso di mancanza di altri spazi. Ancora, nella Casa Circondariale di Catania &#8220;Piazza Lanza&#8221; al momento della visita erano presenti 6 detenuti nella sezione isolamento di cui nessuno per motivi disciplinari: 4 per eseguire l\u2019isolamento fiduciario e 2 perch\u00e9 detenuti con problemi psichiatrici. Ultimo esempio, nella Casa Circondariale di Viterbo al momento della visita erano ristrette 7 persone nella sezione isolamento ma solo provvisoriamente per essere ricollocati, avendo problemi con altri detenuti. Dunque, nessuno di loro stava scontando il provvedimento disciplinare dell&#8217;isolamento.[\/vc_column_text][\/vc_column][\/vc_row][vc_row][vc_column width=&#8221;1\/4&#8243;][vc_column_text el_class=&#8221;citazione&#8221;]Secondo le informazioni pubblicate dal Garante Nazionale nella sua Relazione Annuale del 2022, al 28 aprile 2022 nelle carceri italiane erano presenti 102 sezioni per l\u2019isolamento disciplinare (89 maschili e 13 femminili) e i presenti erano 281 (252 uomini e 29 donne)[\/vc_column_text][\/vc_column][vc_column width=&#8221;3\/4&#8243;][vc_column_text]Secondo le informazioni pubblicate dal Garante Nazionale nella sua Relazione Annuale del 2022, al 28 aprile 2022 nelle carceri italiane erano presenti 102 sezioni per l\u2019isolamento disciplinare (89 maschili e 13 femminili) e i presenti erano 281 (252 uomini e 29 donne). L\u2019Osservatorio di Antigone durante le sue visite effettuate nel 2022 ha raccolto dati sul numero degli isolamenti disciplinari eseguiti nell\u2019anno precedente (quindi nel 2021) in 62 istituti e ha riscontrato un totale di 3.336 isolamenti che si traducono in una media di circa 15 isolamenti ogni 100 detenuti. La situazione nei singoli istituti pu\u00f2 variare considerevolmente. [\/vc_column_text][vc_column_text]<\/p>\n<div class=\"flourish-embed flourish-chart\" data-src=\"visualisation\/13834108\"><script src=\"https:\/\/public.flourish.studio\/resources\/embed.js\"><\/script><\/div>\n<p>[\/vc_column_text][vc_column_text]Si passa infatti da un rapporto quasi 1 a 1 nella Casa Circondariale di Ancona &#8211; Montacuto dove vengono segnalati 313 isolamenti eseguiti nel 2021 a fronte di 315 presenti. Molto alti anche i dati riguardanti la Casa Circondariale di Brindisi (86,5 isolamenti ogni 100 detenuti) e la Casa Circondariale di Salerno &#8220;Antonio Caputo&#8221; (80 isolamenti ogni 100 detenuti). Fra gli istituti con i rapporti pi\u00f9 vicini alla media si trovano la Casa di reclusione di Alessandria &#8220;San Michele&#8221; (13,3 isolamenti ogni 100 detenuti) e la Casa Circondariale di Santa Maria Capua Vetere &#8220;F. Uccella&#8221; (16,2 isolamenti ogni 100 detenuti).[\/vc_column_text][vc_column_text]<\/p>\n<h5><strong>Altri eventi critici<\/strong><\/h5>\n<p>Tutti gli eventi critici sono registrati a livello centrale e danno un\u2019indicazione di massima del clima negli istituti penitenziari. Alcune delle categorie di eventi critici vengono riportate dal Garante Nazionale nella sua Relazione Annuale. Nell\u2019ultima Relazione si fa riferimento ad alcuni dati riferiti al 2021. Rispetto ai 33.663 eventi critici riportati dal Garante per il 2021 si nota una diminuzione rispetto al 2020 e un ritorno a delle cifre pi\u00f9 simile a quelle del 2019, bench\u00e9 si debba considerare che nel 2021 la situazione penitenziaria fosse ancora piuttosto limitata e che il numero dei detenuti fosse significativamente inferiore. Infatti il Garante riporta il numero degli eventi critici ogni 100 detenuti mediamente presenti per il quale nel 2021 si ha un totale di 62,6 eventi critici ogni 100 detenuti mediamente presenti, in diminuzione rispetto ai 64,4 del 2020, ma in aumento rispetto ai 55,9 del 2019.[\/vc_column_text][vc_column_text]<\/p>\n<div class=\"flourish-embed flourish-chart\" data-src=\"visualisation\/13834470\"><script src=\"https:\/\/public.flourish.studio\/resources\/embed.js\"><\/script><\/div>\n<p>[\/vc_column_text][vc_column_text]Rispetto alle diverse categorie di eventi critici nel 2021 le manifestazioni di protesta individuali e collettive sono state 24,9 ogni 100 detenuti, seguono gli atti di auto-danno intenzionale (24,3 ogni 100 detenuti), a una distanza significativa si trovano le aggressioni (9,5 ogni 100 detenuti) e infine gli atti coercitivi (3,9 ogni 100 detenuti).<\/p>\n<p>Anche i dati raccolti dall\u2019Osservatorio di Antigone fanno riferimento al 2021 e si riferiscono a un campione pi\u00f9 limitato per via del numero di visite effettuate e della messa a disposizione dei dati da parte degli istituti. Va ricordato che il numero riportato riguarda il numero di episodi e non il numero di detenuti, quindi pi\u00f9 episodi possono riguardare anche le stesse persone.<\/p>\n<p>In particolare, sui 78 istituti in cui il dato \u00e8 stato raccolto, gli episodi di autolesionismo sono stati una media di 19 ogni 100 detenuti con il tasso pi\u00f9 alto nella Casa circondariale di Ferrara &#8220;Costantino Satta&#8221; (79,6 episodi ogni 100 detenuti), seguita dalla Casa Circondariale Don Bosco di Pisa con 67,5 episodi ogni 100 detenuti. Fra i tassi pi\u00f9 bassi invece si trovano istituti piuttosto piccoli come la Casa Circondariale di Chieti (dove erano 98 i presenti al momento della visita e contava 1 episodio ogni 100 detenuti).<\/p>\n<p>Rispetto ai tentati suicidi, sui 77 istituti in cui il dato \u00e8 stato raccolto, gli episodi sono stati una media di 2,3 ogni 100 detenuti. Il dato pi\u00f9 alto \u00e8 stato registrato nella Casa circondariale di Barcellona Pozzo di Gotto &#8220;Vittorio Madia&#8221; (8,9 tentati suicidi ogni 100 detenuti) seguito dalla Casa Circondariale S.Anna di Modena (7,2 episodi ogni 100 detenuti presenti), ma molti sono anche gli istituti in cui non \u00e8 stato registrato alcun episodio nel 2021.<\/p>\n<p>Seguono le aggressioni, che l\u2019Osservatorio suddivide fra aggressioni al personale e aggressioni fra detenuti. Il dato delle aggressioni al personale ogni 100 detenuti \u00e8 stato raccolto in 77 istituti per il 2021 ed ha una media di 2,6. Il dato pi\u00f9 alto di 35 aggressioni al personale ogni 100 detenuti \u00e8 stato raccolto nella Casa Circondariale di Lucca &#8220;San Giorgio&#8221;, dove viene riportato che all\u2019inizio del 2021 si sono verificati momenti di tensione sfociati in violenza che hanno causato la chiusura di una sezione. Il secondo dato \u00e8 infatti molto pi\u00f9 basso (17,7 aggressioni ogni 100 detenuti) e riguarda la Casa Circondariale di Monza.<\/p>\n<p>Pi\u00f9 alta la media delle aggressioni fra detenuti (6,6 ogni 100 detenuti) che sono state raccolte in 66 istituti. La pi\u00f9 alta si registra nella Casa circondariale di Barcellona Pozzo di Gotto &#8220;Vittorio Madia&#8221; (30,3 aggressioni ogni 100 detenuti) seguita dalla Casa Circondariale di Lodi con 19,4 aggressioni ogni 100 detenuti.[\/vc_column_text][\/vc_column][\/vc_row][vc_row][vc_column width=&#8221;1\/4&#8243;][vc_column_text el_class=&#8221;citazione&#8221;]Dai dati raccolti emerge una situazione particolarmente preoccupante nell\u2019istituto di Barcellona Pozzo di Gotto, che si colloca al primo posto per il tasso di aggressioni fra detenuti (30,3), al primo posto per i tentati suicidi (8,9), al terzo posto per le aggressioni al personale (13,4)[\/vc_column_text][\/vc_column][vc_column width=&#8221;3\/4&#8243;][vc_column_text]Dai dati raccolti emerge una situazione particolarmente preoccupante nell\u2019istituto di Barcellona Pozzo di Gotto, che si colloca al primo posto per il tasso di aggressioni fra detenuti (30,3), al primo posto per i tentati suicidi (8,9), al terzo posto per le aggressioni al personale (13,4), al tredicesimo posto per il tasso di atti di autolesionismo (35,8) e al tredicesimo posto per il tasso di provvedimenti di isolamento (23,3).[\/vc_column_text][vc_column_text]Sono numeri certamente elevatissimi, ma forse non del tutto sorprendenti. Tra i presenti, che al momento della nostra visita a luglio del 2022 erano 201, l&#8217;incidenza di persone con disagio psichico era elevatissima. Barcellona ospita l&#8217;unica Articolazione per la tutela della salute mentale della Sicilia e la pi\u00f9 grande d&#8217;Italia, in quel momento con 42 presenze, e c\u2019\u00e8 anche una ATSM femminile, con 7 donne presenti. Nell&#8217;istituto c&#8217;\u00e8 inoltre una Casa di Lavoro con 23 internati, buona parte dei quali presentavano situazioni di disagio psichico anche gravi e infine era prossima all&#8217;apertura anche una sezione di Colonia Agricola, e anche qui c&#8217;\u00e8 da aspettarsi una notevole incidenza di persone con problemi di salute mentale.<\/p>\n<p>La nuova vita dell&#8217;ex OPG \u00e8 dunque ripartita sul solco della sua precedente caratterizzazione, ma a detta di tutti gli operatori le risorse sanitarie di cui l&#8217;istituto dispone non sono adeguate per garantire gli interventi di cura necessari.<\/p>\n<p>In linea con questo quadro l\u2019incidenza, fortunatamente assai inferiore, dei provvedimenti disciplinari. Evidentemente il tasso cos\u00ec elevato di eventi critici non ha tanto a che vedere con conflitti interni all\u2019istituto quanto con le diffuse condizioni di fragilit\u00e0 e di disagio. Una situazione a Barcellona particolarmente evidente che probabilmente riguarda anche molti altri istituti.<br \/>\n[\/vc_column_text][\/vc_column][\/vc_row]<\/p>\n<div class=\"speaker-mute footnotes_reference_container\"> <div class=\"footnote_container_prepare\"><p><span role=\"button\" tabindex=\"0\" class=\"footnote_reference_container_label pointer\" onclick=\"footnote_expand_collapse_reference_container_7150_1();\">References<\/span><span role=\"button\" tabindex=\"0\" class=\"footnote_reference_container_collapse_button\" style=\"display: none;\" onclick=\"footnote_expand_collapse_reference_container_7150_1();\">[<a id=\"footnote_reference_container_collapse_button_7150_1\">+<\/a>]<\/span><\/p><\/div> <div id=\"footnote_references_container_7150_1\" style=\"\"><table class=\"footnotes_table footnote-reference-container\"><caption class=\"accessibility\">References<\/caption> <tbody> \r\n\r\n<tr class=\"footnotes_plugin_reference_row\"> <th scope=\"row\" class=\"footnote_plugin_index_combi pointer\"  onclick=\"footnote_moveToAnchor_7150_1('footnote_plugin_tooltip_7150_1_1');\"><a id=\"footnote_plugin_reference_7150_1_1\" class=\"footnote_backlink\"><span class=\"footnote_index_arrow\">&#8593;<\/span>1<\/a><\/th> <td class=\"footnote_plugin_text\"><span style=\"font-weight: 400;\">Per le morti e i suicidi si rimanda al capitolo dedicato. <\/span><\/td><\/tr>\r\n\r\n <\/tbody> <\/table> <\/div><\/div><script type=\"text\/javascript\"> function footnote_expand_reference_container_7150_1() { jQuery('#footnote_references_container_7150_1').show(); jQuery('#footnote_reference_container_collapse_button_7150_1').text('\u2212'); } function footnote_collapse_reference_container_7150_1() { jQuery('#footnote_references_container_7150_1').hide(); jQuery('#footnote_reference_container_collapse_button_7150_1').text('+'); } function footnote_expand_collapse_reference_container_7150_1() { if (jQuery('#footnote_references_container_7150_1').is(':hidden')) { footnote_expand_reference_container_7150_1(); } else { footnote_collapse_reference_container_7150_1(); } } function footnote_moveToReference_7150_1(p_str_TargetID) { footnote_expand_reference_container_7150_1(); var l_obj_Target = jQuery('#' + p_str_TargetID); if (l_obj_Target.length) { jQuery( 'html, body' ).delay( 0 ); jQuery('html, body').animate({ scrollTop: l_obj_Target.offset().top - window.innerHeight * 0.2 }, 380); } } function footnote_moveToAnchor_7150_1(p_str_TargetID) { footnote_expand_reference_container_7150_1(); var l_obj_Target = jQuery('#' + p_str_TargetID); if (l_obj_Target.length) { jQuery( 'html, body' ).delay( 0 ); jQuery('html, body').animate({ scrollTop: l_obj_Target.offset().top - window.innerHeight * 0.2 }, 380); } }<\/script>","protected":false},"excerpt":{"rendered":"<p>[vc_row][vc_column width=&#8221;1\/4&#8243;][vc_column_text]\u00a0[\/vc_column_text][\/vc_column][vc_column width=&#8221;3\/4&#8243;][vc_empty_space height=&#8221;5px&#8221;][\/vc_column][\/vc_row][vc_row][vc_column width=&#8221;1\/4&#8243;][\/vc_column][vc_column width=&#8221;3\/4&#8243;][vc_column_text]Nel mondo penitenziario gli eventi critici sono tutti quegli avvenimenti che mettono a repentaglio la sicurezza delle persone detenute, del personale o la sicurezza dell\u2019istituto. Pi\u00f9 in generale gli eventi critici possono dare un\u2019indicazione del clima interno dell\u2019istituto anche in relazione al tipo di popolazione ristretta, i rapporti fra personale [&hellip;]<\/p>\n","protected":false},"author":8,"featured_media":7113,"comment_status":"open","ping_status":"open","sticky":false,"template":"","format":"standard","meta":{"om_disable_all_campaigns":false,"_monsterinsights_skip_tracking":false,"_monsterinsights_sitenote_active":false,"_monsterinsights_sitenote_note":"","_monsterinsights_sitenote_category":0},"categories":[8],"tags":[],"acf":[],"_links":{"self":[{"href":"https:\/\/www.rapportoantigone.it\/diciannovesimo-rapporto-sulle-condizioni-di-detenzione\/wp-json\/wp\/v2\/posts\/7150"}],"collection":[{"href":"https:\/\/www.rapportoantigone.it\/diciannovesimo-rapporto-sulle-condizioni-di-detenzione\/wp-json\/wp\/v2\/posts"}],"about":[{"href":"https:\/\/www.rapportoantigone.it\/diciannovesimo-rapporto-sulle-condizioni-di-detenzione\/wp-json\/wp\/v2\/types\/post"}],"author":[{"embeddable":true,"href":"https:\/\/www.rapportoantigone.it\/diciannovesimo-rapporto-sulle-condizioni-di-detenzione\/wp-json\/wp\/v2\/users\/8"}],"replies":[{"embeddable":true,"href":"https:\/\/www.rapportoantigone.it\/diciannovesimo-rapporto-sulle-condizioni-di-detenzione\/wp-json\/wp\/v2\/comments?post=7150"}],"version-history":[{"count":5,"href":"https:\/\/www.rapportoantigone.it\/diciannovesimo-rapporto-sulle-condizioni-di-detenzione\/wp-json\/wp\/v2\/posts\/7150\/revisions"}],"predecessor-version":[{"id":7247,"href":"https:\/\/www.rapportoantigone.it\/diciannovesimo-rapporto-sulle-condizioni-di-detenzione\/wp-json\/wp\/v2\/posts\/7150\/revisions\/7247"}],"wp:featuredmedia":[{"embeddable":true,"href":"https:\/\/www.rapportoantigone.it\/diciannovesimo-rapporto-sulle-condizioni-di-detenzione\/wp-json\/wp\/v2\/media\/7113"}],"wp:attachment":[{"href":"https:\/\/www.rapportoantigone.it\/diciannovesimo-rapporto-sulle-condizioni-di-detenzione\/wp-json\/wp\/v2\/media?parent=7150"}],"wp:term":[{"taxonomy":"category","embeddable":true,"href":"https:\/\/www.rapportoantigone.it\/diciannovesimo-rapporto-sulle-condizioni-di-detenzione\/wp-json\/wp\/v2\/categories?post=7150"},{"taxonomy":"post_tag","embeddable":true,"href":"https:\/\/www.rapportoantigone.it\/diciannovesimo-rapporto-sulle-condizioni-di-detenzione\/wp-json\/wp\/v2\/tags?post=7150"}],"curies":[{"name":"wp","href":"https:\/\/api.w.org\/{rel}","templated":true}]}}