{"id":7206,"date":"2023-05-25T10:05:24","date_gmt":"2023-05-25T08:05:24","guid":{"rendered":"https:\/\/www.rapportoantigone.it\/diciannovesimo-rapporto-sulle-condizioni-di-detenzione\/lavoro-e-formazione-2\/"},"modified":"2024-03-15T17:04:06","modified_gmt":"2024-03-15T16:04:06","slug":"criminalita","status":"publish","type":"post","link":"https:\/\/www.rapportoantigone.it\/diciannovesimo-rapporto-sulle-condizioni-di-detenzione\/criminalita\/","title":{"rendered":"Criminalit\u00e0"},"content":{"rendered":"<p>[vc_row][vc_column width=&#8221;1\/4&#8243;][vc_column_text]<!-- Simple Share Buttons Adder (8.5.4) simplesharebuttons.com --><div class=\"ssba-classic-2 ssba ssbp-wrap aligncenter ssbp--theme-1\"><div style=\"text-align:N\"><span class=\"ssba-share-text\">Share this...<\/span><br\/><a data-site=\"facebook\" class=\"ssba_facebook_share ssba_share_link\" href=\"https:\/\/www.facebook.com\/sharer.php?t=Criminalit\u00e0&u=https:\/\/www.rapportoantigone.it\/diciannovesimo-rapporto-sulle-condizioni-di-detenzione\/wp-json\/wp\/v2\/posts\/7206\"  style=\"color:; background-color: ; height: 48px; width: 48px; \" ><img src=\"https:\/\/www.rapportoantigone.it\/diciannovesimo-rapporto-sulle-condizioni-di-detenzione\/wp-content\/plugins\/simple-share-buttons-adder\/buttons\/somacro\/facebook.png\" style=\"width: 35px;\" title=\"facebook\" class=\"ssba ssba-img\" alt=\"Share on facebook\" \/><div title=\"Facebook\" class=\"ssbp-text\">Facebook<\/div><\/a><a data-site=\"whatsapp\" class=\"ssba_whatsapp_share ssba_share_link\" href=\"https:\/\/web.whatsapp.com\/send?text=https:\/\/www.rapportoantigone.it\/diciannovesimo-rapporto-sulle-condizioni-di-detenzione\/wp-json\/wp\/v2\/posts\/7206\"  style=\"color:; background-color: ; height: 48px; width: 48px; \" ><img src=\"https:\/\/www.rapportoantigone.it\/diciannovesimo-rapporto-sulle-condizioni-di-detenzione\/wp-content\/plugins\/simple-share-buttons-adder\/buttons\/somacro\/whatsapp.png\" style=\"width: 35px;\" title=\"whatsapp\" class=\"ssba ssba-img\" alt=\"Share on whatsapp\" \/><div title=\"Whatsapp\" class=\"ssbp-text\">Whatsapp<\/div><\/a><a data-site=\"twitter\" class=\"ssba_twitter_share ssba_share_link\" href=\"https:\/\/twitter.com\/intent\/tweet?text=Criminalit\u00e0&url=https:\/\/www.rapportoantigone.it\/diciannovesimo-rapporto-sulle-condizioni-di-detenzione\/wp-json\/wp\/v2\/posts\/7206&via=\"  style=\"color:; background-color: ; height: 48px; width: 48px; \" ><img src=\"https:\/\/www.rapportoantigone.it\/diciannovesimo-rapporto-sulle-condizioni-di-detenzione\/wp-content\/plugins\/simple-share-buttons-adder\/buttons\/somacro\/twitter.png\" style=\"width: 35px;\" title=\"twitter\" class=\"ssba ssba-img\" alt=\"Share on twitter\" \/><div title=\"Twitter\" class=\"ssbp-text\">Twitter<\/div><\/a><a data-site=\"linkedin\" class=\"ssba_linkedin_share ssba_share_link\" href=\"https:\/\/www.linkedin.com\/shareArticle?title=Criminalit\u00e0&url=https:\/\/www.rapportoantigone.it\/diciannovesimo-rapporto-sulle-condizioni-di-detenzione\/wp-json\/wp\/v2\/posts\/7206\"  style=\"color:; background-color: ; height: 48px; width: 48px; \" ><img src=\"https:\/\/www.rapportoantigone.it\/diciannovesimo-rapporto-sulle-condizioni-di-detenzione\/wp-content\/plugins\/simple-share-buttons-adder\/buttons\/somacro\/linkedin.png\" style=\"width: 35px;\" title=\"linkedin\" class=\"ssba ssba-img\" alt=\"Share on linkedin\" \/><div title=\"Linkedin\" class=\"ssbp-text\">Linkedin<\/div><\/a><\/div><\/div>\u00a0    [\/vc_column_text][\/vc_column][vc_column width=&#8221;3\/4&#8243;]<h4 class=\"grve-element grve-align-left grve-title-no-line grve-h4 titolo\" style=\"\"><span>Criminalit\u00e0 e reati<\/span><\/h4>[vc_empty_space height=&#8221;5px&#8221;][\/vc_column][\/vc_row][vc_row][vc_column width=&#8221;1\/4&#8243;][\/vc_column][vc_column width=&#8221;3\/4&#8243;][vc_column_text]Secondo i <a href=\"https:\/\/www.interno.gov.it\/sites\/default\/files\/2022-12\/consuntivo_annuale_2022_sacoscad_28-12-22.pdf\">dati raccolti dal Ministero dell\u2019Interno<\/a>, analizzando la delittuosit\u00e0 in Italia nel periodo gennaio \u2013 novembre 2022, si nota un lieve incremento del dato complessivo dei reati rispetto all\u2019analogo periodo del 2021.<\/p>\n<p>Detto incremento non \u00e8 comunque tale da raggiungere i livelli pre-pandemici: operando un raffronto dei dati, nel quadriennio 2019-2022, sulla delittuosit\u00e0 complessiva valutata per i primi 11 mesi di ciascun anno, i dati relativi ai primi 11 mesi del 2022 si sono attestati su valori intermedi rispetto a quelli del 2020 e 2021 (pi\u00f9 bassi), e quelli del 2019 (pi\u00f9 elevati).<\/p>\n<p>Si parla infatti di 2.116.136 delitti<span class=\"footnote_referrer\"><a role=\"button\" tabindex=\"0\" onclick=\"footnote_moveToReference_7206_1('footnote_plugin_reference_7206_1_1');\" onkeypress=\"footnote_moveToReference_7206_1('footnote_plugin_reference_7206_1_1');\" ><sup id=\"footnote_plugin_tooltip_7206_1_1\" class=\"footnote_plugin_tooltip_text\">1)<\/sup><\/a><span id=\"footnote_plugin_tooltip_text_7206_1_1\" class=\"footnote_tooltip\"><\/span><\/span> denunciati dalle forze di polizia all&#8217;autorit\u00e0 giudiziaria nel 2019, a fronte di 1.994.244 dello scorso anno. Nel 2020 si contavano 1.753.967 delitti, con un decremento pari al -17,1%, mentre nel 2021 l\u2019incremento rispetto all\u2019anno precedente era stato del 10,3% con 1.935.309 delitti. I numeri del 2022 invece dimostrano un incremento rispetto al 2021 del 3%, una crescita sicuramente pi\u00f9 lieve rispetto al divario 2020-2021 e comunque in calo rispetto al 2019.[\/vc_column_text][vc_column_text]<\/p>\n<div class=\"flourish-embed flourish-chart\" data-src=\"visualisation\/13794819\"><script src=\"https:\/\/public.flourish.studio\/resources\/embed.js\"><\/script><\/div>\n<p>[\/vc_column_text][vc_column_text]Sempre secondo i dati ministeriali, in particolare, nel 2022 sono stati commessi 309 omicidi volontari.<\/p>\n<p>I numeri sono in leggera crescita nell\u2019ultimo triennio, in linea con il lieve incremento della criminalit\u00e0 in generale: nel 2021 il Ministero dell\u2019Interno aveva contato infatti 302 omicidi, mentre nel 2020 se ne conteggiavano 285. \u00c8 vero per\u00f2 che l\u2019interezza dei dati sulla criminalit\u00e0 aveva subito un forte calo durante il periodo pandemico e, dunque, i dati rilevati post-pandemia risultano in leggero rialzo, per tornare ad assestarsi attorno alle cifre precedenti all\u2019emergenza sanitaria, ma si inseriscono in un trend generale in discesa: erano 316 gli omicidi nel 2019, 360 nel 2018.<\/p>\n<p>\u00c8 importante osservare che del numero totale di omicidi commessi lo scorso anno, 137 &#8211; quasi la met\u00e0 &#8211; sono stati compiuti in ambito familiare e\/o affettivo: di questi, la quasi totalit\u00e0 delle vittime sono donne: 122 su 137 sono infatti femminicidi.<\/p>\n<p>In pi\u00f9, il Ministero dell\u2019Interno opera un raffronto dei dati sugli omicidi commessi negli ultimi 15 anni, considerando il periodo 2007-2021. Possiamo osservare che i numeri sugli omicidi seguono un trend generale di drastica decrescita: mentre nel 2007 sono stati commessi 632 omicidi, nel 2021 se ne contavano 302, con un calo del -52,2%; in 15 anni, dunque, il numero di omicidi commessi si \u00e8 dimezzato. Suggestivo \u00e8 il dato riportato dal Ministero relativo al 1990, anno in cui furono commessi 3.012 omicidi.[\/vc_column_text][vc_column_text]<\/p>\n<div class=\"flourish-embed flourish-chart\" data-src=\"visualisation\/13795001\"><script src=\"https:\/\/public.flourish.studio\/resources\/embed.js\"><\/script><\/div>\n<p>[\/vc_column_text][\/vc_column][\/vc_row][vc_row][vc_column width=&#8221;1\/4&#8243;][\/vc_column][vc_column width=&#8221;3\/4&#8243;][vc_column_text]Ulteriore dato su cui vale la pena soffermarsi, riguarda i c.d. \u201creati informatici\u201d, che lo scorso anno sono stati 199.782.<\/p>\n<p>Operando un confronto dei dati sulla criminalit\u00e0 informatica nel quadriennio 2019-2022 valutata per i primi 11 mesi di ciascun anno, emerge che, dopo una tendenziale crescita negli ultimi anni sino al 2021, i dati al novembre 2022, sembrano evidenziare una prima flessione, sebbene si tratti di dati operativi e quindi suscettibili di variazioni. Nel 2020, infatti, i reati informatici erano 168.260, il 38,7% in pi\u00f9 rispetto ai 121.276 del 2019; nel 2021 il trend era ancora in crescita, con 234.689 reati informatici, il 39,5% in pi\u00f9 rispetto all\u2019anno precedente; nel 2022, invece, vi \u00e8 stato un decremento del -14,9%.<\/p>\n<p>In particolare, rispetto all\u2019utilizzo dei mezzi informatici e del web per la commissione dei reati, \u00e8 interessante analizzare il dato sulle truffe, che nel 2022 sono state 199.782. Di queste, il 68%, quasi 2 truffe su 3, sono state perpetrate via web.<\/p>\n<p>Inoltre, il Ministero dell\u2019Interno &#8211; Direzione generale Servizi Antidroga<span class=\"footnote_referrer\"><a role=\"button\" tabindex=\"0\" onclick=\"footnote_moveToReference_7206_1('footnote_plugin_reference_7206_1_2');\" onkeypress=\"footnote_moveToReference_7206_1('footnote_plugin_reference_7206_1_2');\" ><sup id=\"footnote_plugin_tooltip_7206_1_2\" class=\"footnote_plugin_tooltip_text\">2)<\/sup><\/a><span id=\"footnote_plugin_tooltip_text_7206_1_2\" class=\"footnote_tooltip\"><\/span><\/span> fornisce un focus trimestrale sui delitti in violazione della normativa sugli stupefacenti. Anche in questo caso, si tratta di dati operativi &#8211; e quindi suscettibili di flessioni &#8211; che riguardano il totale dei delitti segnalati. Nel periodo luglio &#8211; settembre del 2022, sono state segnalate all&#8217;autorit\u00e0 giudiziaria un totale di 5.756 persone. Di queste, 3.706 sono state arrestate, 2.002 sono state rilasciate sotto libert\u00e0 vigilata e 48 sono risultate irreperibili. Tra le persone coinvolte, 2.065 erano straniere e 304 erano minorenni. Prendendo in considerazione i dati degli altri tre trimestri, possiamo contare un totale di 18.430 persone segnalate nell\u2019anno precedente (da gennaio a settembre 2022); di queste, gli stranieri rappresentano il 34,7%.<\/p>\n<p>Un altro dato significativo \u00e8 quello dei detenuti presenti al 31 dicembre 2022 suddivisi per categorie di reati commessi<span class=\"footnote_referrer\"><a role=\"button\" tabindex=\"0\" onclick=\"footnote_moveToReference_7206_1('footnote_plugin_reference_7206_1_3');\" onkeypress=\"footnote_moveToReference_7206_1('footnote_plugin_reference_7206_1_3');\" ><sup id=\"footnote_plugin_tooltip_7206_1_3\" class=\"footnote_plugin_tooltip_text\">3)<\/sup><\/a><span id=\"footnote_plugin_tooltip_text_7206_1_3\" class=\"footnote_tooltip\"><\/span><\/span>, secondo quanto riportato dalle statistiche del Ministero della Giustizia. Occorre innanzitutto ricordare che il totale dei reati \u00e8 sempre maggiore rispetto alla popolazione detenuta, dal momento che le persone ristrette possono aver commesso pi\u00f9 di un reato e sono quindi inserite in ogni categoria corrispondente a ogni reato commesso. Osservando il numero delle persone detenute al 31 dicembre 2022 (56.196) e il numero di reati commessi (134.132) troviamo una media di circa 2,4 reati per detenuto.<\/p>\n<p>La maggior parte della popolazione detenuta si trova in carcere per delitti contro il patrimonio, con un totale di 32.050, subito seguiti da quelli contro la persona (24.402) e quelli in violazione della normativa sulle droghe (19.338). Seguono poi le altre categorie, che contano numeri decisamente pi\u00f9 ridotti: al quarto posto le persone detenute per reati contro la pubblica amministrazione sono 9.302, per associazione di stampo mafioso sono 9.068.[\/vc_column_text][vc_column_text]<\/p>\n<div class=\"flourish-embed flourish-chart\" data-src=\"visualisation\/13796732\"><script src=\"https:\/\/public.flourish.studio\/resources\/embed.js\"><\/script><\/div>\n<p>[\/vc_column_text][vc_column_text]Se si guarda invece la nazionalit\u00e0 dei detenuti divisi per categoria di reato, si pu\u00f2 osservare come la maggioranza dei reati siano commessi da italiani, dal momento che questi sono la prevalenza dei detenuti presenti.<\/p>\n<p>I reati previsti dal T.U. Immigrazione sono realizzati, per ovvie ragioni, soprattutto da stranieri (91,4%) mentre per quasi tutte le altre categorie i numeri si invertono. I reati di associazione di stampo mafioso sono commessi per circa il 97% da italiani; i detenuti italiani, poi, hanno commesso il 72,1% dei reati contro il patrimonio; delle violazioni della legge sulle droghe, il 70% sono realizzate da italiani; infine, i reati contro la persona sono commessi per il 68,8% da italiani.<br \/>\n[\/vc_column_text][vc_column_text]<\/p>\n<div class=\"flourish-embed flourish-chart\" data-src=\"visualisation\/13884635\"><script src=\"https:\/\/public.flourish.studio\/resources\/embed.js\"><\/script><\/div>\n<p>[\/vc_column_text][vc_column_text]Per concludere, il Ministero della Giustizia riporta una serie storica<span class=\"footnote_referrer\"><a role=\"button\" tabindex=\"0\" onclick=\"footnote_moveToReference_7206_1('footnote_plugin_reference_7206_1_4');\" onkeypress=\"footnote_moveToReference_7206_1('footnote_plugin_reference_7206_1_4');\" ><sup id=\"footnote_plugin_tooltip_7206_1_4\" class=\"footnote_plugin_tooltip_text\">4)<\/sup><\/a><span id=\"footnote_plugin_tooltip_text_7206_1_4\" class=\"footnote_tooltip\"><\/span><\/span> dei numeri dei detenuti presenti negli istituti di pena dal 2008 al 2022 divisi per reato commesso, conteggiati al 31 dicembre di ciascun anno. Anche in questo caso, le singole persone possono aver commesso pi\u00f9 di un reato e pertanto i numeri sono sempre maggiori rispetto al totale dei detenuti presenti. Come si pu\u00f2 immaginare, i reati numericamente pi\u00f9 rappresentati, come quelli contro il patrimonio, la persona o la violazione del T.U. sugli stupefacenti, sono quelli che subiscono le variazioni pi\u00f9 evidenti nel corso del tempo per via dei cambiamenti numerici della popolazione detenuta.[\/vc_column_text][vc_column_text]<\/p>\n<div class=\"flourish-embed flourish-chart\" data-src=\"visualisation\/13797121\"><script src=\"https:\/\/public.flourish.studio\/resources\/embed.js\"><\/script><\/div>\n<p>[\/vc_column_text][vc_column_text]Confrontando i dati del 2008 con quelli del 2022, possiamo osservare come le persone detenute che hanno commesso reati contro il patrimonio siano attualmente il 14,7% in pi\u00f9, quelle che hanno commesso reati contro la persona siano invece il 19,8% in pi\u00f9. Le persone detenute per violazioni del T.U. sugli stupefacenti, al contrario, sono calate del -17,7%; quelle ristrette per reati previsti dal T.U. Immigrazione, poi, hanno subito un decremento significativo, pari al -33,7%.<br \/>\nInfine, vale la pena riportare anche le variazioni che hanno subito i numeri delle persone detenute per aver commesso reato di associazione di stampo mafioso, che sono circa il 42% in pi\u00f9 rispetto al 2008, e per i reati contro la Pubblica Amministrazione, che sono il 33,8% in pi\u00f9. [\/vc_column_text][\/vc_column][\/vc_row][vc_row][vc_column width=&#8221;1\/4&#8243;][\/vc_column][vc_column width=&#8221;3\/4&#8243;][\/vc_column][\/vc_row][vc_row][vc_column width=&#8221;1\/4&#8243;][\/vc_column][vc_column width=&#8221;3\/4&#8243;][\/vc_column][\/vc_row][vc_row][vc_column width=&#8221;1\/4&#8243;][\/vc_column][vc_column width=&#8221;3\/4&#8243;][\/vc_column][\/vc_row][vc_row][vc_column width=&#8221;1\/4&#8243;][\/vc_column][vc_column width=&#8221;3\/4&#8243;][\/vc_column][\/vc_row]<\/p>\n<div class=\"speaker-mute footnotes_reference_container\"> <div class=\"footnote_container_prepare\"><p><span role=\"button\" tabindex=\"0\" class=\"footnote_reference_container_label pointer\" onclick=\"footnote_expand_collapse_reference_container_7206_1();\">References<\/span><span role=\"button\" tabindex=\"0\" class=\"footnote_reference_container_collapse_button\" style=\"display: none;\" onclick=\"footnote_expand_collapse_reference_container_7206_1();\">[<a id=\"footnote_reference_container_collapse_button_7206_1\">+<\/a>]<\/span><\/p><\/div> <div id=\"footnote_references_container_7206_1\" style=\"\"><table class=\"footnotes_table footnote-reference-container\"><caption class=\"accessibility\">References<\/caption> <tbody> \r\n\r\n<tr class=\"footnotes_plugin_reference_row\"> <th scope=\"row\" class=\"footnote_plugin_index_combi pointer\"  onclick=\"footnote_moveToAnchor_7206_1('footnote_plugin_tooltip_7206_1_1');\"><a id=\"footnote_plugin_reference_7206_1_1\" class=\"footnote_backlink\"><span class=\"footnote_index_arrow\">&#8593;<\/span>1<\/a><\/th> <td class=\"footnote_plugin_text\"><span style=\"font-weight: 400;\">I reati si distinguono in delitti e contravvenzioni. I delitti (art. 39 c.p.) sono quei reati per i quali \u00e8 prevista la pena dell\u2019ergastolo, della reclusione, della multa, mentre le contravvenzioni sono quei reati per i quali \u00e8 prevista la pena dell\u2019arresto e\/o dell\u2019ammenda (ex art. 17 c.p.).<\/span><\/td><\/tr>\r\n\r\n<tr class=\"footnotes_plugin_reference_row\"> <th scope=\"row\" class=\"footnote_plugin_index_combi pointer\"  onclick=\"footnote_moveToAnchor_7206_1('footnote_plugin_tooltip_7206_1_2');\"><a id=\"footnote_plugin_reference_7206_1_2\" class=\"footnote_backlink\"><span class=\"footnote_index_arrow\">&#8593;<\/span>2<\/a><\/th> <td class=\"footnote_plugin_text\"><span class=\"footnote_url_wrap\">https:\/\/antidroga.interno.gov.it\/temi\/report\/dati-statistici\/<\/span><\/td><\/tr>\r\n\r\n<tr class=\"footnotes_plugin_reference_row\"> <th scope=\"row\" class=\"footnote_plugin_index_combi pointer\"  onclick=\"footnote_moveToAnchor_7206_1('footnote_plugin_tooltip_7206_1_3');\"><a id=\"footnote_plugin_reference_7206_1_3\" class=\"footnote_backlink\"><span class=\"footnote_index_arrow\">&#8593;<\/span>3<\/a><\/th> <td class=\"footnote_plugin_text\"><span class=\"footnote_url_wrap\">https:\/\/www.giustizia.it\/giustizia\/it\/mg_1_14_1.page?facetNode_1=0_2&contentId=SST417055&previsiousPage=mg_1_14<\/span><\/td><\/tr>\r\n\r\n<tr class=\"footnotes_plugin_reference_row\"> <th scope=\"row\" class=\"footnote_plugin_index_combi pointer\"  onclick=\"footnote_moveToAnchor_7206_1('footnote_plugin_tooltip_7206_1_4');\"><a id=\"footnote_plugin_reference_7206_1_4\" class=\"footnote_backlink\"><span class=\"footnote_index_arrow\">&#8593;<\/span>4<\/a><\/th> <td class=\"footnote_plugin_text\"><span class=\"footnote_url_wrap\">https:\/\/www.giustizia.it\/giustizia\/it\/mg_1_14_1.page?facetNode_1=0_2&contentId=SST613925&previsiousPage=mg_1_14<\/span><\/td><\/tr>\r\n\r\n <\/tbody> <\/table> <\/div><\/div><script type=\"text\/javascript\"> function footnote_expand_reference_container_7206_1() { jQuery('#footnote_references_container_7206_1').show(); jQuery('#footnote_reference_container_collapse_button_7206_1').text('\u2212'); } function footnote_collapse_reference_container_7206_1() { jQuery('#footnote_references_container_7206_1').hide(); jQuery('#footnote_reference_container_collapse_button_7206_1').text('+'); } function footnote_expand_collapse_reference_container_7206_1() { if (jQuery('#footnote_references_container_7206_1').is(':hidden')) { footnote_expand_reference_container_7206_1(); } else { footnote_collapse_reference_container_7206_1(); } } function footnote_moveToReference_7206_1(p_str_TargetID) { footnote_expand_reference_container_7206_1(); var l_obj_Target = jQuery('#' + p_str_TargetID); if (l_obj_Target.length) { jQuery( 'html, body' ).delay( 0 ); jQuery('html, body').animate({ scrollTop: l_obj_Target.offset().top - window.innerHeight * 0.2 }, 380); } } function footnote_moveToAnchor_7206_1(p_str_TargetID) { footnote_expand_reference_container_7206_1(); var l_obj_Target = jQuery('#' + p_str_TargetID); if (l_obj_Target.length) { jQuery( 'html, body' ).delay( 0 ); jQuery('html, body').animate({ scrollTop: l_obj_Target.offset().top - window.innerHeight * 0.2 }, 380); } }<\/script>","protected":false},"excerpt":{"rendered":"<p>[vc_row][vc_column width=&#8221;1\/4&#8243;][vc_column_text]\u00a0[\/vc_column_text][\/vc_column][vc_column width=&#8221;3\/4&#8243;][vc_empty_space height=&#8221;5px&#8221;][\/vc_column][\/vc_row][vc_row][vc_column width=&#8221;1\/4&#8243;][\/vc_column][vc_column width=&#8221;3\/4&#8243;][vc_column_text]Secondo i dati raccolti dal Ministero dell\u2019Interno, analizzando la delittuosit\u00e0 in Italia nel periodo gennaio \u2013 novembre 2022, si nota un lieve incremento del dato complessivo dei reati rispetto all\u2019analogo periodo del 2021. Detto incremento non \u00e8 comunque tale da raggiungere i livelli pre-pandemici: operando un raffronto dei dati, nel [&hellip;]<\/p>\n","protected":false},"author":8,"featured_media":7113,"comment_status":"open","ping_status":"open","sticky":false,"template":"","format":"standard","meta":{"om_disable_all_campaigns":false,"_monsterinsights_skip_tracking":false,"_monsterinsights_sitenote_active":false,"_monsterinsights_sitenote_note":"","_monsterinsights_sitenote_category":0},"categories":[8],"tags":[],"acf":[],"_links":{"self":[{"href":"https:\/\/www.rapportoantigone.it\/diciannovesimo-rapporto-sulle-condizioni-di-detenzione\/wp-json\/wp\/v2\/posts\/7206"}],"collection":[{"href":"https:\/\/www.rapportoantigone.it\/diciannovesimo-rapporto-sulle-condizioni-di-detenzione\/wp-json\/wp\/v2\/posts"}],"about":[{"href":"https:\/\/www.rapportoantigone.it\/diciannovesimo-rapporto-sulle-condizioni-di-detenzione\/wp-json\/wp\/v2\/types\/post"}],"author":[{"embeddable":true,"href":"https:\/\/www.rapportoantigone.it\/diciannovesimo-rapporto-sulle-condizioni-di-detenzione\/wp-json\/wp\/v2\/users\/8"}],"replies":[{"embeddable":true,"href":"https:\/\/www.rapportoantigone.it\/diciannovesimo-rapporto-sulle-condizioni-di-detenzione\/wp-json\/wp\/v2\/comments?post=7206"}],"version-history":[{"count":4,"href":"https:\/\/www.rapportoantigone.it\/diciannovesimo-rapporto-sulle-condizioni-di-detenzione\/wp-json\/wp\/v2\/posts\/7206\/revisions"}],"predecessor-version":[{"id":7370,"href":"https:\/\/www.rapportoantigone.it\/diciannovesimo-rapporto-sulle-condizioni-di-detenzione\/wp-json\/wp\/v2\/posts\/7206\/revisions\/7370"}],"wp:featuredmedia":[{"embeddable":true,"href":"https:\/\/www.rapportoantigone.it\/diciannovesimo-rapporto-sulle-condizioni-di-detenzione\/wp-json\/wp\/v2\/media\/7113"}],"wp:attachment":[{"href":"https:\/\/www.rapportoantigone.it\/diciannovesimo-rapporto-sulle-condizioni-di-detenzione\/wp-json\/wp\/v2\/media?parent=7206"}],"wp:term":[{"taxonomy":"category","embeddable":true,"href":"https:\/\/www.rapportoantigone.it\/diciannovesimo-rapporto-sulle-condizioni-di-detenzione\/wp-json\/wp\/v2\/categories?post=7206"},{"taxonomy":"post_tag","embeddable":true,"href":"https:\/\/www.rapportoantigone.it\/diciannovesimo-rapporto-sulle-condizioni-di-detenzione\/wp-json\/wp\/v2\/tags?post=7206"}],"curies":[{"name":"wp","href":"https:\/\/api.w.org\/{rel}","templated":true}]}}