{"id":4310,"date":"2021-03-02T17:24:00","date_gmt":"2021-03-02T16:24:00","guid":{"rendered":"http:\/\/antigone.filarete.it\/essere-madri-in-carcere-il-rapporto-tra-genitorialita-e-detenzione-2\/"},"modified":"2021-05-04T22:12:40","modified_gmt":"2021-05-04T20:12:40","slug":"la-mediazione-linguistica-e-culturale-il-carcere-mondo-di-culture","status":"publish","type":"post","link":"https:\/\/www.rapportoantigone.it\/diciassettesimo-rapporto-sulle-condizioni-di-detenzione\/la-mediazione-linguistica-e-culturale-il-carcere-mondo-di-culture\/","title":{"rendered":"La mediazione linguistica e culturale. Il carcere mondo di culture"},"content":{"rendered":"<section class=\"wpb-content-wrapper\"><p>[vc_row][vc_column width=&#8221;1\/4&#8243;]<h4 class=\"grve-element grve-align-left grve-title-no-line grve-h4 autore\" style=\"\"><span>Sonia Paone e Carlotta Vignali<\/span><\/h4>[vc_column_text]<!-- Simple Share Buttons Adder (7.4.18) simplesharebuttons.com --><div id=\"ssba-classic-2\" class=\"ssba ssbp-wrap left ssbp--theme-1\"><div style=\"text-align:left\"><span class=\"ssba-share-text\">Share this...<\/span><br\/><a data-site=\"email\" class=\"ssba_email_share\" href=\"mailto:?subject=La%20mediazione%20linguistica%20e%20culturale.%20Il%20carcere%20mondo%20di%20culture&body=%20https:\/\/www.rapportoantigone.it\/diciassettesimo-rapporto-sulle-condizioni-di-detenzione\/wp-json\/wp\/v2\/posts\/4310\"><img src=\"https:\/\/www.rapportoantigone.it\/diciassettesimo-rapporto-sulle-condizioni-di-detenzione\/wp-content\/plugins\/simple-share-buttons-adder\/buttons\/somacro\/email.png\" style=\"width: 35px;\" title=\"Email\" class=\"ssba ssba-img\" alt=\"Email this to someone\" \/><div title=\"email\" class=\"ssbp-text\">email<\/div><\/a><a data-site=\"\" class=\"ssba_facebook_share\" href=\"http:\/\/www.facebook.com\/sharer.php?u=https:\/\/www.rapportoantigone.it\/diciassettesimo-rapporto-sulle-condizioni-di-detenzione\/wp-json\/wp\/v2\/posts\/4310\"  target=\"_blank\" ><img src=\"https:\/\/www.rapportoantigone.it\/diciassettesimo-rapporto-sulle-condizioni-di-detenzione\/wp-content\/plugins\/simple-share-buttons-adder\/buttons\/somacro\/facebook.png\" style=\"width: 35px;\" title=\"Facebook\" class=\"ssba ssba-img\" alt=\"Share on Facebook\" \/><div title=\"Facebook\" class=\"ssbp-text\">Facebook<\/div><\/a><a data-site=\"\" class=\"ssba_twitter_share\" href=\"http:\/\/twitter.com\/share?url=https:\/\/www.rapportoantigone.it\/diciassettesimo-rapporto-sulle-condizioni-di-detenzione\/wp-json\/wp\/v2\/posts\/4310&text=La%20mediazione%20linguistica%20e%20culturale.%20Il%20carcere%20mondo%20di%20culture%20\"  target=&quot;_blank&quot; ><img src=\"https:\/\/www.rapportoantigone.it\/diciassettesimo-rapporto-sulle-condizioni-di-detenzione\/wp-content\/plugins\/simple-share-buttons-adder\/buttons\/somacro\/twitter.png\" style=\"width: 35px;\" title=\"Twitter\" class=\"ssba ssba-img\" alt=\"Tweet about this on Twitter\" \/><div title=\"Twitter\" class=\"ssbp-text\">Twitter<\/div><\/a><\/div><\/div>     <div class=\"scaricapdf\">\n\t\t\t<a href=\"https:\/\/www.rapportoantigone.it\/diciassettesimo-rapporto-sulle-condizioni-di-detenzione\/wp-content\/uploads\/2021\/05\/32.-ANTIGONE_XVIIrapporto_MediazioneLinguistica.pdf\" target=\"_blank\"><i class=\"fa fa-arrow-circle-down\" aria-hidden=\"true\"><\/i>  <\/a>\n    <\/div>\n    [\/vc_column_text][\/vc_column][vc_column width=&#8221;3\/4&#8243;]<h4 class=\"grve-element grve-align-left grve-title-no-line grve-h4 titolo\" style=\"\"><span>La mediazione linguistica e culturale. Il carcere mondo di culture.<\/span><\/h4><h4 class=\"grve-element grve-align-left grve-title-no-line grve-h4 sottotitolo\" style=\"\"><span><\/span><\/h4>[vc_empty_space height=&#8221;50px&#8221;][\/vc_column][\/vc_row][vc_row][vc_column width=&#8221;1\/4&#8243; el_class=&#8221;citazione&#8221;][vc_column_text]La mediazione culturale \u00e8 quindi uno strumento necessario per garantire un flusso dialogico positivo e costruttivo fra tutti gli attori presenti nell\u2019universo carcerario.[\/vc_column_text][\/vc_column][vc_column width=&#8221;3\/4&#8243;][vc_column_text]<strong>Diversit\u00e0 e ambiente penitenziario<\/strong><br \/>\nPrima di analizzare nello specifico le questioni relative alla presenza di mediatori linguistici e culturali all\u2019interno delle strutture penitenziarie e alle criticit\u00e0 connesse all\u2019inserimento di queste figure professionali nel contesto organizzativo carcerario, il contributo propone alcune brevi considerazioni sull\u2019importanza della mediazione linguistico-culturale tenendo conto della <em>super-diversit\u00e0\u00a0<\/em> <span class=\"footnote_referrer\"><a role=\"button\" tabindex=\"0\" onclick=\"footnote_moveToReference_4310_1('footnote_plugin_reference_4310_1_1');\" onkeypress=\"footnote_moveToReference_4310_1('footnote_plugin_reference_4310_1_1');\" ><sup id=\"footnote_plugin_tooltip_4310_1_1\" class=\"footnote_plugin_tooltip_text\">1)<\/sup><\/a><span id=\"footnote_plugin_tooltip_text_4310_1_1\" class=\"footnote_tooltip\">S. Vertovec, Super-diversity and its implication, \u2018Ethnic and Racial Studies\u2019. 30 (6): 1024\u20131054<\/span><\/span><script type=\"text\/javascript\"> jQuery('#footnote_plugin_tooltip_4310_1_1').tooltip({ tip: '#footnote_plugin_tooltip_text_4310_1_1', tipClass: 'footnote_tooltip', effect: 'fade', predelay: 0, fadeInSpeed: 200, delay: 400, fadeOutSpeed: 200, position: 'top right', relative: true, offset: [10, 10], });<\/script><br \/>\nche caratterizza l\u2019ambiente carcerario e della importanza dei registri comunicativi nella vita quotidiana dei detenuti.<br \/>\nLa cesura rispetto al mondo libero che la detenzione comporta \u00e8 particolarmente profonda nel caso dei detenuti stranieri. La mancanza di una rete relazionale esterna, prima fra tutte la lontananza della famiglia, e la condizione di povert\u00e0 che spesso affligge la componente straniera aggravano il senso di isolamento che di per s\u00e9 connota la privazione della libert\u00e0. A tutto ci\u00f2 si aggiungono le difficolt\u00e0 di relazione all\u2019interno di un universo gerarchico e altamente formalizzato.<\/p>\n<p>Erving Goffman ha magistralmente evidenziato la problematicit\u00e0 delle relazioni insita nelle logiche stesse di funzionamento delle istituzioni del controllo. In uno spazio chiuso convivono forzatamente due mondi sociali e culturali completamente differenti (lo staff e i detenuti). Questi due gruppi tendono a farsi una immagine l\u2019uno dell\u2019altro basata su <em>stereotipi negativi e ostili<\/em>, in un contesto in cui le limitazioni dei rapporti non permettono la possibilit\u00e0 di una reale conoscenza reciproca. <span class=\"footnote_referrer\"><a role=\"button\" tabindex=\"0\" onclick=\"footnote_moveToReference_4310_1('footnote_plugin_reference_4310_1_2');\" onkeypress=\"footnote_moveToReference_4310_1('footnote_plugin_reference_4310_1_2');\" ><sup id=\"footnote_plugin_tooltip_4310_1_2\" class=\"footnote_plugin_tooltip_text\">2)<\/sup><\/a><span id=\"footnote_plugin_tooltip_text_4310_1_2\" class=\"footnote_tooltip\">E. Goffman, Asylums. Le istituzioni totali: i meccanismi dell\u2019esclusione e della violenza, Einaudi, Torino 1968.<\/span><\/span><script type=\"text\/javascript\"> jQuery('#footnote_plugin_tooltip_4310_1_2').tooltip({ tip: '#footnote_plugin_tooltip_text_4310_1_2', tipClass: 'footnote_tooltip', effect: 'fade', predelay: 0, fadeInSpeed: 200, delay: 400, fadeOutSpeed: 200, position: 'top right', relative: true, offset: [10, 10], });<\/script><br \/>\nGli stereotipi di tipo <em>antagonistico<\/em> si rafforzano rispetto alla condizione di straniero. In una realt\u00e0 come \u00e8 oggi il carcere sempre pi\u00f9 contraddistinta da elementi di <em>super-diversit\u00e0<\/em>, le dinamiche relazionali coinvolgono soggetti posti in posizione asimmetrica dai meccanismi di potere tipici della istituzione e in pi\u00f9 con un retroterra culturale differente che crea demarcazioni e rende complesse le opportunit\u00e0 di interazione. Inoltre, la diversit\u00e0 di cui sono portatori gli stranieri spesso \u00e8 collegata all\u2019aumento di tensioni e conflitti nella vita quotidiana carceraria, visto che, come ricordava Abdelmalek Sayad, l\u2019immigrato in quanto \u2018diverso\u2019 e \u2018minoranza\u2019 fa esperienza della <em>cultura del sospetto. <\/em><span class=\"footnote_referrer\"><a role=\"button\" tabindex=\"0\" onclick=\"footnote_moveToReference_4310_1('footnote_plugin_reference_4310_1_3');\" onkeypress=\"footnote_moveToReference_4310_1('footnote_plugin_reference_4310_1_3');\" ><sup id=\"footnote_plugin_tooltip_4310_1_3\" class=\"footnote_plugin_tooltip_text\">3)<\/sup><\/a><span id=\"footnote_plugin_tooltip_text_4310_1_3\" class=\"footnote_tooltip\">A. Sayad, La doppia assenza. Dalle illusioni dell&#8217;emigrato alle sofferenze dell&#8217;immigrato, Raffaello Cortina Editore, Milano 2002.<\/span><\/span><script type=\"text\/javascript\"> jQuery('#footnote_plugin_tooltip_4310_1_3').tooltip({ tip: '#footnote_plugin_tooltip_text_4310_1_3', tipClass: 'footnote_tooltip', effect: 'fade', predelay: 0, fadeInSpeed: 200, delay: 400, fadeOutSpeed: 200, position: 'top right', relative: true, offset: [10, 10], });<\/script><br \/>\nE il sospetto impregna anche i rapporti con gli altri reclusi favorendo ulteriormente l\u2019isolamento dei detenuti stranieri. La mediazione culturale \u00e8 quindi uno strumento necessario per garantire un flusso dialogico positivo e costruttivo fra tutti gli attori presenti nell\u2019universo carcerario. \u00c8 un indispensabile dispositivo di supporto per alleviare tensioni e ridurre i conflitti, visto che la sua metodologia si fonda sull\u2019ascolto, l\u2019accettazione della legittimit\u00e0 del punto di vista dell\u2019altro, la negoziazione permanente.[\/vc_column_text][\/vc_column][\/vc_row][vc_row][vc_column width=&#8221;1\/4&#8243;][vc_column_text el_class=&#8221;citazione&#8221;]I termini attualmente utilizzati nelle carceri riferiti ai detenuti sono spesso avulsi da quelli comunemente adottati dalla collettivit\u00e0 ed \u00e8 causa di una progressiva e deprecabile infantilizzazione, di un isolamento del detenuto dal mondo esterno che crea ulteriori difficolt\u00e0 per il possibile reinserimento, oltre ad assumere in alcuni casi una connotazione negativa.[\/vc_column_text][\/vc_column][vc_column width=&#8221;3\/4&#8243;][vc_column_text]<strong>Lingue e linguaggi del carcere<\/strong><\/p>\n<p>Un\u2019altra significativa barriera che condiziona il percorso detentivo dei detenuti stranieri \u00e8 la non conoscenza della lingua veicolare. L\u2019aumento della componente straniera ha profondamente modificato il <em>paesaggio linguistico<\/em> del carcere, infatti in molte strutture sono presenti repertori linguistici nuovi che si affiancano a quelli pi\u00f9 tradizionali che comprendono anche le forme dialettali dell\u2019italiano. Inoltre, si registrano molti casi di plurilinguismo, i detenuti provenienti dal Maghreb spesso parlano l\u2019arabo e il francese, altri la lingua nazionale e quella del paese o dei paesi in cui hanno soggiornato nel loro percorso migratorio. La comunicazione sia in forma orale che scritta \u00e8 un<em> bene relazionale<\/em> fondamentale in un contesto chiuso e formalmente amministrato. Anche perch\u00e9 il carcere \u00e8 un vero e proprio universo linguistico e il linguaggio \u00e8 parte integrante del <em>potere inglobante<\/em> delle istituzioni del controllo. L\u2019utilizzo di specifiche parole cos\u00ec come elementi della comunicazione non verbale comportano quelle che Goffman chiama forme di <em>mortificazione del s\u00e9<\/em>. I mondi reclusi anche attraverso il linguaggio <em>spezzano<\/em> cio\u00e8 \u201cquei fatti che, nella societ\u00e0 civile, hanno il compito di testimoniare a colui che agisce e a coloro di fronte ai quali si svolge l\u2019azione, che egli ha un potere sul suo mondo, che si tratta di persona che gode di autodeterminazione, autonomia e libert\u00e0 d\u2019azione <em>adulte <\/em><span class=\"footnote_referrer\"><a role=\"button\" tabindex=\"0\" onclick=\"footnote_moveToReference_4310_1('footnote_plugin_reference_4310_1_4');\" onkeypress=\"footnote_moveToReference_4310_1('footnote_plugin_reference_4310_1_4');\" ><sup id=\"footnote_plugin_tooltip_4310_1_4\" class=\"footnote_plugin_tooltip_text\">4)<\/sup><\/a><span id=\"footnote_plugin_tooltip_text_4310_1_4\" class=\"footnote_tooltip\">E. Goffman, op.cit., p.71<\/span><\/span><script type=\"text\/javascript\"> jQuery('#footnote_plugin_tooltip_4310_1_4').tooltip({ tip: '#footnote_plugin_tooltip_text_4310_1_4', tipClass: 'footnote_tooltip', effect: 'fade', predelay: 0, fadeInSpeed: 200, delay: 400, fadeOutSpeed: 200, position: 'top right', relative: true, offset: [10, 10], });<\/script>\u201d. Il linguaggio carcerario \u00e8 profondamente infantilizzante e denigrante tant\u2019\u00e8 che su questi aspetti \u00e8 intervenuta una circolare del 30 marzo del 2017 del capo del Dipartimento della Amministrazione Penitenziaria Santi Consolo che ha recepito le indicazioni provenienti da uno dei tavoli degli Stati generali sull\u2019esecuzione penale. Nella circolare si legge \u201cCome \u00e8 noto in ogni comunit\u00e0 il linguaggio svolge un ruolo fondamentale, soprattutto per il carcere.<br \/>\nAnche le Regole Penitenziarie Europee prevedono che la vita all\u2019interno del carcere deve essere il pi\u00f9 possibile simile a quella esterna e questa \u2018assimilazione\u2019 deve comprendere anche il lessico.<\/p>\n<p>I termini attualmente utilizzati nelle carceri riferiti ai detenuti sono spesso avulsi da quelli comunemente adottati dalla collettivit\u00e0 ed \u00e8 causa di una progressiva e deprecabile infantilizzazione, di un isolamento del detenuto dal mondo esterno che crea ulteriori difficolt\u00e0 per il possibile reinserimento, oltre ad assumere in alcuni casi una connotazione negativa. [&#8230;] Non si pu\u00f2 non sottolineare che tali espressioni non sono rispettose delle persone detenute, determinando delle errate considerazioni, oltre ad essere utilizzate con accezione negativa <span class=\"footnote_referrer\"><a role=\"button\" tabindex=\"0\" onclick=\"footnote_moveToReference_4310_1('footnote_plugin_reference_4310_1_5');\" onkeypress=\"footnote_moveToReference_4310_1('footnote_plugin_reference_4310_1_5');\" ><sup id=\"footnote_plugin_tooltip_4310_1_5\" class=\"footnote_plugin_tooltip_text\">5)<\/sup><\/a><span id=\"footnote_plugin_tooltip_text_4310_1_5\" class=\"footnote_tooltip\">Circolare del Capo del Dipartimento dell\u2019Amministrazione penitenziaria 30 marzo 2017.<\/span><\/span><script type=\"text\/javascript\"> jQuery('#footnote_plugin_tooltip_4310_1_5').tooltip({ tip: '#footnote_plugin_tooltip_text_4310_1_5', tipClass: 'footnote_tooltip', effect: 'fade', predelay: 0, fadeInSpeed: 200, delay: 400, fadeOutSpeed: 200, position: 'top right', relative: true, offset: [10, 10], });<\/script>\u201d. I provveditori regionali, i direttori degli istituti, i direttori generali, la direzione generale e il servizio informatico sono perci\u00f2 invitati \u201cad intraprendere tutte le iniziative necessarie al fine di dismettere nelle strutture penitenziarie, da parte di tutto il personale, l\u2019uso, sia verbale che scritto, della terminologia \u2018infantilizzante\u2019 e diminutiva, nonch\u00e9 le interlocuzioni orali, soprattutto quelle dirette al detenuto\u201d.<br \/>\nAbbiamo voluto richiamare il problema della infantilizzazione del linguaggio per evidenziare l\u2019importanza dei registri comunicativi in carcere visto che la quotidianit\u00e0 detentiva si fonda su flussi di comunicazione e sulla continua negoziazione di significati.<br \/>\nMolti sono gli esempi che ulteriormente si potrebbero riportare rispetto alla crucialit\u00e0 della comunicazione e ai <em>vuoti comunicativi<\/em> derivanti dal mancato accesso alla lingua veicolare, primo fra tutti la fruibilit\u00e0 limitata della carta dei diritti dei detenuti: a tal proposito sottolineiamo come a fronte dei 98 istituti visitati dall\u2019Osservatorio durante il 2019, solo 39 disponevano del documento tradotto nelle lingue straniere pi\u00f9 diffuse. <span class=\"footnote_referrer\"><a role=\"button\" tabindex=\"0\" onclick=\"footnote_moveToReference_4310_1('footnote_plugin_reference_4310_1_6');\" onkeypress=\"footnote_moveToReference_4310_1('footnote_plugin_reference_4310_1_6');\" ><sup id=\"footnote_plugin_tooltip_4310_1_6\" class=\"footnote_plugin_tooltip_text\">6)<\/sup><\/a><span id=\"footnote_plugin_tooltip_text_4310_1_6\" class=\"footnote_tooltip\">La scelta di riportare il dato del 2019 \u00e8 riconducibile alla pi\u00f9 ampia portata della stima, se confrontata al pi\u00f9 esiguo numero di visite del 2020, che ha risentito delle chiusure correlate alla prevenzione della diffusione del coronavirus. Tuttavia, nonostante la ridotta possibilit\u00e0 di accesso alle strutture detentive, anche a fronte dei 44 istituti visitati nel 2020, solo 16 disponevano della carta dei diritti tradotta nelle lingue straniere pi\u00f9 diffuse<\/span><\/span><script type=\"text\/javascript\"> jQuery('#footnote_plugin_tooltip_4310_1_6').tooltip({ tip: '#footnote_plugin_tooltip_text_4310_1_6', tipClass: 'footnote_tooltip', effect: 'fade', predelay: 0, fadeInSpeed: 200, delay: 400, fadeOutSpeed: 200, position: 'top right', relative: true, offset: [10, 10], });<\/script><\/p>\n<p>Infine, scegliamo di fare un cenno alla forma di comunicazione che \u00e8 forse la pi\u00f9 importante nella scansione della vita del detenuto attraverso le riflessioni di Luigi Manconi sulla <em>domandina<\/em>: \u201cLa domandina \u00e8 il genere letterario pi\u00f9 diffuso dentro il carcere. \u00c8 un genere letterario, a sua volta, selettivo e discriminatorio, perch\u00e9 divide tra coloro che la sanno compilare e coloro che se la devono far scrivere, tra coloro che la devono tradurre in lingua italiana e coloro che invece in lingua italiana la sanno scrivere. Gi\u00e0 questo crea, all\u2019interno delle carceri, un\u2019intensa attivit\u00e0. Fa parte di una sorta di retorica carceraria ma corrisponde anche a un concreto elemento di coesione e di solidariet\u00e0 il fatto che, all\u2019interno degli Istituti penitenziari, ci sono quei detenuti che compilano le domandine per gli altri, cos\u00ec come compilano le istanze, le difese, e istruiscono, formano sui <em>diritti del detenuto <\/em><span class=\"footnote_referrer\"><a role=\"button\" tabindex=\"0\" onclick=\"footnote_moveToReference_4310_1('footnote_plugin_reference_4310_1_7');\" onkeypress=\"footnote_moveToReference_4310_1('footnote_plugin_reference_4310_1_7');\" ><sup id=\"footnote_plugin_tooltip_4310_1_7\" class=\"footnote_plugin_tooltip_text\">7)<\/sup><\/a><span id=\"footnote_plugin_tooltip_text_4310_1_7\" class=\"footnote_tooltip\">L. Manconi, Carcere tra \u201cdomandina\u201d e bisogno di comunicazione, Intervento in \u2018La scrittura in carcere- esperienze a confronto\u2019 Casa circondariale di Rebibbia Nuovo Complesso, 27 febbraio 2007.<\/span><\/span><script type=\"text\/javascript\"> jQuery('#footnote_plugin_tooltip_4310_1_7').tooltip({ tip: '#footnote_plugin_tooltip_text_4310_1_7', tipClass: 'footnote_tooltip', effect: 'fade', predelay: 0, fadeInSpeed: 200, delay: 400, fadeOutSpeed: 200, position: 'top right', relative: true, offset: [10, 10], });<\/script>\u201d. Queste annotazioni a nostro modo di vedere efficacemente sintetizzano il significato pi\u00f9 profondo della <em>presa di parola<\/em> in carcere ovvero l\u2019accesso ai diritti e la costruzione di relazioni di aiuto e di reciprocit\u00e0, tutti elementi necessari per alleviare l\u2019isolamento e promuovere la risocializzazione.[\/vc_column_text][\/vc_column][\/vc_row][vc_row][vc_column width=&#8221;1\/4&#8243;][vc_column_text el_class=&#8221;citazione&#8221;]Il fatto che l\u2019attivit\u00e0 di mediazione culturale debba essere unicamente favorita e che l\u2019amministrazione penitenziaria possa decidere se avvalersi di tale risorsa segnala un anacronismo della normativa vigente, se paragonata alle considerevoli presenze straniere all\u2019interno dei penitenziari.[\/vc_column_text][\/vc_column][vc_column width=&#8221;3\/4&#8243;][vc_column_text]<strong>Il mediatore linguistico-culturale! Chi era costui?<\/strong><\/p>\n<p>Nonostante l\u2019ormai consolidata sovrarappresentazione della componente straniera all\u2019interno degli istituti di pena e l\u2019importanza della mediazione linguistico-culturale che abbiamo provato a evidenziare nelle righe precedenti, la risposta istituzionale in termini di implementazione di risorse in questo ambito si rivela del tutto carente. Partendo dalla generale disciplina degli elementi del trattamento previsti dall\u2019Ordinamento Penitenziario, l\u2019articolo 15 racchiude all\u2019interno del piano trattamentale \u00abistruzione, lavoro, religione, attivit\u00e0 culturali, ricreative e sportive, agevolando opportuni contatti con il mondo esterno e i rapporti con la famiglia\u00bb. Stante il confluire di questi fattori nel piano trattamentale, la figura del mediatore linguistico-culturale sembra configurarsi come una presenza cruciale per la concreta messa in pratica di tali presupposti rieducativi, sia da un punto di vista intramurario, facilitando i meccanismi di comprensione e comunicazione del detenuto straniero nelle dinamiche della quotidianit\u00e0 detentiva, sia da un punto di vista extramurario, assolvendo al compito di intermediario per il mantenimento e lo sviluppo della rete di relazioni sociali che interessano il rapporto tra il recluso, il territorio circostante e gli eventuali collegamenti nei paesi di origine. Entrando pi\u00f9 nello specifico, \u00e8 l\u2019articolo 35 del D.P.R. 230\/2000 a prevedere la presenza dei mediatori all\u2019interno del penitenziario, il cui secondo comma recita testualmente: \u00abdeve essere, inoltre, <em>favorito<\/em> l&#8217;intervento di operatori di mediazione culturale, anche attraverso convenzioni con gli enti locali o con organizzazioni di volontariato\u00bb. Infine, il pi\u00f9 recente provvedimento in materia \u00e8 riscontrabile nel rinnovato articolo 80 dell\u2019ordinamento penitenziario, che, in seguito alla modifica introdotta dal D. Lgs. n. 123 del 2018 ha visto l\u2019inserimento del mediatore culturale tra i professionisti esperti di cui l\u2019amministrazione penitenziaria <em>pu\u00f2<\/em> avvalersi per le attivit\u00e0 di osservazione e trattamento.<\/p>\n<p>Per quanto tali disposizioni individuino nel lavoro del mediatore culturale una risorsa per la facilitazione della comprensione, del dialogo e della comunicazione tanto tra detenuti appartenenti a culture diverse, quanto tra ristretti stranieri e istituzione, l\u2019utilizzo in chiave ipotetica del lessico adottato nei commi degli articoli dedicati alla disciplina del ruolo del mediatore indica come il suo coinvolgimento sia del tutto discrezionale. In tal senso, il fatto che l\u2019attivit\u00e0 di mediazione culturale debba essere unicamente favorita e che l\u2019amministrazione penitenziaria possa decidere se avvalersi di tale risorsa segnala un anacronismo della normativa vigente, se paragonata alle considerevoli presenze straniere all\u2019interno dei penitenziari. Con un dato pari a 17.344 unit\u00e0 su 53.365 detenuti, i reclusi stranieri contano oggi il 32,5% di presenze sul totale della popolazione ristretta <span class=\"footnote_referrer\"><a role=\"button\" tabindex=\"0\" onclick=\"footnote_moveToReference_4310_1('footnote_plugin_reference_4310_1_8');\" onkeypress=\"footnote_moveToReference_4310_1('footnote_plugin_reference_4310_1_8');\" ><sup id=\"footnote_plugin_tooltip_4310_1_8\" class=\"footnote_plugin_tooltip_text\">8)<\/sup><\/a><span id=\"footnote_plugin_tooltip_text_4310_1_8\" class=\"footnote_tooltip\">Ministero della Giustizia. Detenuti presenti italiani e stranieri: <span class=\"footnote_url_wrap\">https:\/\/www.giustizia.it\/giustizia\/it\/mg_1_14_1.page?contentId=SST165666&previsiousPage=mg_1_14<\/span><\/span><\/span><script type=\"text\/javascript\"> jQuery('#footnote_plugin_tooltip_4310_1_8').tooltip({ tip: '#footnote_plugin_tooltip_text_4310_1_8', tipClass: 'footnote_tooltip', effect: 'fade', predelay: 0, fadeInSpeed: 200, delay: 400, fadeOutSpeed: 200, position: 'top right', relative: true, offset: [10, 10], });<\/script>. All\u2019interno di questa consistente compagine, superano il centinaio le nazionalit\u00e0 presenti negli istituti penali italiani, tra cui la marocchina risulta la pi\u00f9 rappresentata con il 19,1% sul totale degli stranieri; a seguire si collocano la romena (11,9%), l\u2019albanese (11,3%), la tunisina (10,2%) e la nigeriana (8,4%).[\/vc_column_text][\/vc_column][\/vc_row][vc_row][vc_column width=&#8221;1\/4&#8243;][vc_column_text el_class=&#8221;citazione&#8221;]A fronte di una percentuale di stranieri che, seppur con qualche oscillazione, negli ultimi anni non \u00e8 mai scesa sotto il 30%, sono solo 176 i mediatori ufficialmente operanti presso le strutture detentive del territorio nazionale.[\/vc_column_text][\/vc_column][vc_column width=&#8221;3\/4&#8243;][vc_column_text]<strong>La reale consistenza numerica dei mediatori culturali<\/strong><\/p>\n<p>Di contro, se raffrontati con il livello di eterogeneit\u00e0 appena descritto, i numeri delle figure professionali esperte in mediazione sono notevolmente bassi. Da un punto di vista prettamente quantitativo, infatti, a fronte di una percentuale di stranieri che, seppur con qualche oscillazione, negli ultimi anni non \u00e8 mai scesa sotto il 30%, sono solo 176 i mediatori ufficialmente operanti presso le strutture detentive del territorio nazionale, con un\u2019incidenza di appena lo 0,88% ogni 100 detenuti stranieri <span class=\"footnote_referrer\"><a role=\"button\" tabindex=\"0\" onclick=\"footnote_moveToReference_4310_1('footnote_plugin_reference_4310_1_9');\" onkeypress=\"footnote_moveToReference_4310_1('footnote_plugin_reference_4310_1_9');\" ><sup id=\"footnote_plugin_tooltip_4310_1_9\" class=\"footnote_plugin_tooltip_text\">9)<\/sup><\/a><span id=\"footnote_plugin_tooltip_text_4310_1_9\" class=\"footnote_tooltip\">Ministero della Giustizia. Mediatori culturali operanti presso gli istituti penitenziari distinti per area d\u2019intervento \u2013 Anno 2019: <span class=\"footnote_url_wrap\">https:\/\/www.giustizia.it\/giustizia\/it\/mg_1_14_1.page?contentId=SST283973&previsiousPage=mg_14_7<\/span><\/span><\/span><script type=\"text\/javascript\"> jQuery('#footnote_plugin_tooltip_4310_1_9').tooltip({ tip: '#footnote_plugin_tooltip_text_4310_1_9', tipClass: 'footnote_tooltip', effect: 'fade', predelay: 0, fadeInSpeed: 200, delay: 400, fadeOutSpeed: 200, position: 'top right', relative: true, offset: [10, 10], });<\/script>. Pi\u00f9 specificatamente, dividendo l\u2019attivit\u00e0 dei mediatori in base all\u2019area di intervento: 96 sono coloro impegnati nella gestione dei reclusi provenienti dall\u2019Africa (di cui 49 specializzati nella presa in carico di persone nordafricane e 47 operanti con reclusi provenienti da altre zone dell\u2019Africa); 40 sono destinati alla mediazione con detenuti provenienti dall\u2019Est Europa; 19 dal Medio e l\u2019Estremo Oriente; 9 dal Sudamerica e 12 rientranti nell\u2019aspecifica categoria \u201caltro\u201d. Nonostante questi dati siano stati resi pubblici e aggiornati alla fine del 2019 dal Ministero della Giustizia, l\u2019ultimo dato relativo all\u2019ufficiale dotazione organica dell\u2019Amministrazione Penitenziaria (2017) <span class=\"footnote_referrer\"><a role=\"button\" tabindex=\"0\" onclick=\"footnote_moveToReference_4310_1('footnote_plugin_reference_4310_1_10');\" onkeypress=\"footnote_moveToReference_4310_1('footnote_plugin_reference_4310_1_10');\" ><sup id=\"footnote_plugin_tooltip_4310_1_10\" class=\"footnote_plugin_tooltip_text\">10)<\/sup><\/a><span id=\"footnote_plugin_tooltip_text_4310_1_10\" class=\"footnote_tooltip\">Ministero della Giustizia, Dipartimento dell\u2019Amministrazione Penitenziaria &#8211; Dotazione organica: <span class=\"footnote_url_wrap\">https:\/\/www.giustizia.it\/giustizia\/it\/mg_1_29_4_5.page<\/span><\/span><\/span><script type=\"text\/javascript\"> jQuery('#footnote_plugin_tooltip_4310_1_10').tooltip({ tip: '#footnote_plugin_tooltip_text_4310_1_10', tipClass: 'footnote_tooltip', effect: 'fade', predelay: 0, fadeInSpeed: 200, delay: 400, fadeOutSpeed: 200, position: 'top right', relative: true, offset: [10, 10], });<\/script> segnala la presenza di 67 \u201cfunzionari della professionalit\u00e0 di mediazione culturale\u201d alle dirette dipendenze del ministero, di cui uno impiegato nell\u2019amministrazione centrale e 66 effettivamente operanti all\u2019interno degli istituti. Pertanto, considerato il vistoso disavanzo che intercorre tra i 67 mediatori ufficialmente previsti in pianta organica e le \u2013 seppur ancora esigue \u2013 176 persone di fatto operanti nelle strutture penitenziarie, resta indecifrabile l\u2019effettiva ripartizione delle unit\u00e0.<\/p>\n<p>Non essendo specificata la tipologia di servizio \u2013 interno o esterno \u2013 prestato dai mediatori, non \u00e8 chiara la formalizzazione della loro presenza intramuraria. Considerata la vaghezza che contraddistingue l\u2019elenco capitoli di spesa dell\u2019amministrazione penitenziaria, anche l\u2019analisi del <em>budget<\/em> relativo alle spese previste per coprire i costi di mediazione non aiuta a fare luce sul loro inquadramento professionale: rientrando nella generica fascia comprendente gli \u201conorari a professionisti esperti per l\u2019attivit\u00e0 di osservazione e trattamento dei detenuti\u201d \u2013 cui \u00e8 destinata una somma pari a 4.491.406\u20ac <span class=\"footnote_referrer\"><a role=\"button\" tabindex=\"0\" onclick=\"footnote_moveToReference_4310_1('footnote_plugin_reference_4310_1_11');\" onkeypress=\"footnote_moveToReference_4310_1('footnote_plugin_reference_4310_1_11');\" ><sup id=\"footnote_plugin_tooltip_4310_1_11\" class=\"footnote_plugin_tooltip_text\">11)<\/sup><\/a><span id=\"footnote_plugin_tooltip_text_4310_1_11\" class=\"footnote_tooltip\">Supplemento ordinario n. 46 alla Gazzetta Ufficiale \u2013 31 dicembre 2019: <span class=\"footnote_url_wrap\">https:\/\/www.gazzettaufficiale.it\/do\/atto\/serie_generale\/caricaPdf?cdimg=19A0809400100050110001&dgu=2019-12-31&art.dataPubblicazioneGazzetta=2019-12-31&art.codiceRedazionale=19A08094&art.num=5&art.tiposerie=SG<\/span><\/span><\/span><script type=\"text\/javascript\"> jQuery('#footnote_plugin_tooltip_4310_1_11').tooltip({ tip: '#footnote_plugin_tooltip_text_4310_1_11', tipClass: 'footnote_tooltip', effect: 'fade', predelay: 0, fadeInSpeed: 200, delay: 400, fadeOutSpeed: 200, position: 'top right', relative: true, offset: [10, 10], });<\/script> \u2013 non \u00e8 facile intuire quali siano gli effettivi destinatari di tali finanziamenti.<\/p>\n<p>Ferma restando tale zona d\u2019ombra in merito alla formalizzazione dell\u2019impiego di tale figura professionale, noto \u00e8 che tra i 176 mediatori effettivamente operanti all\u2019interno degli istituti figurano molti volontari, soluzione in linea con il generale e imprescindibile ruolo svolto dal volontariato penitenziario in varie attivit\u00e0 di supporto e assistenza. Accanto a costoro si collocano inoltre professionisti che prestano servizio grazie a sovvenzioni con enti pubblici o privati su base regionale o provinciale. <span class=\"footnote_referrer\"><a role=\"button\" tabindex=\"0\" onclick=\"footnote_moveToReference_4310_1('footnote_plugin_reference_4310_1_12');\" onkeypress=\"footnote_moveToReference_4310_1('footnote_plugin_reference_4310_1_12');\" ><sup id=\"footnote_plugin_tooltip_4310_1_12\" class=\"footnote_plugin_tooltip_text\">12)<\/sup><\/a><span id=\"footnote_plugin_tooltip_text_4310_1_12\" class=\"footnote_tooltip\">Un esempio \u00e8 il caso della regione Lazio, che nel 2018 ha disposto uno stanziamento di 400.000 euro per la mediazione interculturale negli istituti penitenziari, gestibili su base comunale.<\/span><\/span><script type=\"text\/javascript\"> jQuery('#footnote_plugin_tooltip_4310_1_12').tooltip({ tip: '#footnote_plugin_tooltip_text_4310_1_12', tipClass: 'footnote_tooltip', effect: 'fade', predelay: 0, fadeInSpeed: 200, delay: 400, fadeOutSpeed: 200, position: 'top right', relative: true, offset: [10, 10], });<\/script> Ancora, come pi\u00f9 volte rilevato durante le visite dell\u2019Osservatorio, altri lavorano attraverso la concordata disponibilit\u00e0 \u201ca chiamata\u201d, in base alle necessit\u00e0 del momento.<\/p>\n<p>L\u2019esigenza di ricorrere a risorse integrative su base territoriale e spesso volontaria per far fronte alla richiesta del servizio segnala la necessit\u00e0 di un rafforzamento dell\u2019organico, cui non sembra corrispondere una concreta presa in carico. A tal proposito, l\u2019unico intervento che giunge dal D.A.P. \u00e8 l\u2019indizione di un concorso volto al reclutamento di 20 mediatori culturali <span class=\"footnote_referrer\"><a role=\"button\" tabindex=\"0\" onclick=\"footnote_moveToReference_4310_1('footnote_plugin_reference_4310_1_13');\" onkeypress=\"footnote_moveToReference_4310_1('footnote_plugin_reference_4310_1_13');\" ><sup id=\"footnote_plugin_tooltip_4310_1_13\" class=\"footnote_plugin_tooltip_text\">13)<\/sup><\/a><span id=\"footnote_plugin_tooltip_text_4310_1_13\" class=\"footnote_tooltip\">Ministero della Giustizia. <span class=\"footnote_url_wrap\">https:\/\/www.giustizia.it\/giustizia\/it\/mg_1_8_1.page?contentId=SDC93691&previsiousPage=mg_1_6_1.<\/span><br \/>\nSi segnali come al momento dell\u2019indizione del concorso i posti messi a bando fossero 15. L\u2019elevazione da 15 a 20 unit\u00e0 \u00e8 stata comunicata con avviso recante data 26 gennaio 2021.<\/span><\/span><script type=\"text\/javascript\"> jQuery('#footnote_plugin_tooltip_4310_1_13').tooltip({ tip: '#footnote_plugin_tooltip_text_4310_1_13', tipClass: 'footnote_tooltip', effect: 'fade', predelay: 0, fadeInSpeed: 200, delay: 400, fadeOutSpeed: 200, position: 'top right', relative: true, offset: [10, 10], });<\/script>. Sebbene la pubblicazione del bando risalga al febbraio 2018, l\u2019effettivo svolgimento delle prove preselettive ha avuto inizio nel settembre 2020, per poi essere interrotto a causa della disposta sospensione dei concorsi in virt\u00f9 delle misure attuate per la prevenzione della diffusione del contagio da Covid-19. Nonostante tale cenno istituzionale, il bando concorsuale sembra mostrare almeno tre nodi critici: il primo \u00e8 relativo allo scarso numero di posizioni aperte, che rischia di non sopperire neanche in minima parte alle esigenze reali; il secondo \u00e8 riconducibile al requisito del possesso della cittadinanza italiana per presentare domanda, aspetto che, rientrando nella pi\u00f9 controversa e dibattuta questione circa il coinvolgimento degli stranieri nei concorsi pubblici, in questo specifico caso potrebbe gravare su potenziali professionisti stranieri che non abbiano ancora ottenuto la cittadinanza in virt\u00f9 delle lungaggini dell\u2019iter burocratico previsto dallo Stato italiano; il terzo, infine, ha a che vedere con le lingue richieste durante le selezioni. Nello specifico, infatti, \u00e8 prevista la conoscenza di una lingua straniera a scelta del candidato tra inglese, francese, tedesco e spagnolo. Considerate le nazionalit\u00e0 maggiormente rappresentate all\u2019interno degli istituti di pena, tuttavia, emerge uno squilibrio tra la programmata assunzione di mediatori esperti nelle lingue europee e le aree di intervento che necessiterebbero di un incremento di risorse, prima tra tutte quella riconducibile alla cultura e alla lingua araba.[\/vc_column_text][\/vc_column][\/vc_row][vc_row][vc_column width=&#8221;1\/4&#8243; el_class=&#8221;citazione&#8221;][\/vc_column][vc_column width=&#8221;3\/4&#8243;][vc_column_text]<strong>Conclusioni<\/strong><\/p>\n<p>In un universo fortemente etnicizzato come quello carcerario, la figura del mediatore culturale si configura come una risorsa cruciale nelle dinamiche sociali penitenziarie. In grado di irrobustire le capacit\u00e0 e le reti comunicative \u2013 interne ed esterne \u2013 del recluso straniero, di comprenderne a fondo le esigenze e di fare da tramite per la reale comprensione dei diritti e i doveri annessi alla sua posizione, l\u2019esperto in mediazione dovrebbe essere considerato a tutti gli effetti parte integrante del personale penitenziario e non una figura il cui inserimento \u00e8 semplicemente favorito. La carenza di mediatori si riflette sulla generale condizione di svantaggio in cui versano i ristretti stranieri, amplificandone l\u2019alienazione. Tangibili sono gli effetti legati al mancato supporto nei confronti di questi ultimi, che rischiano di subire le conseguenze dell\u2019applicazione di un trattamento lacunoso, ben lontano dall\u2019essere ponderato, calibrato e individualizzato.<br \/>\nIn definitiva, alla stregua di quanto detto, \u00e8 auspicabile un concreto intervento istituzionale in materia, che guardi allo stabile coinvolgimento della figura del mediatore in ottica complementare e integrativa rispetto alle altre professionalit\u00e0 intramurarie.[\/vc_column_text][\/vc_column][\/vc_row]<\/p>\n<\/section><div class=\"speaker-mute footnotes_reference_container\"> <div class=\"footnote_container_prepare\"><p><span role=\"button\" tabindex=\"0\" class=\"footnote_reference_container_label pointer\" onclick=\"footnote_expand_collapse_reference_container_4310_1();\">References<\/span><span role=\"button\" tabindex=\"0\" class=\"footnote_reference_container_collapse_button\" style=\"display: none;\" onclick=\"footnote_expand_collapse_reference_container_4310_1();\">[<a id=\"footnote_reference_container_collapse_button_4310_1\">+<\/a>]<\/span><\/p><\/div> <div id=\"footnote_references_container_4310_1\" style=\"\"><table class=\"footnotes_table footnote-reference-container\"><caption class=\"accessibility\">References<\/caption> <tbody> \r\n\r\n<tr class=\"footnotes_plugin_reference_row\"> <th scope=\"row\" class=\"footnote_plugin_index_combi pointer\"  onclick=\"footnote_moveToAnchor_4310_1('footnote_plugin_tooltip_4310_1_1');\"><a id=\"footnote_plugin_reference_4310_1_1\" class=\"footnote_backlink\"><span class=\"footnote_index_arrow\">&#8593;<\/span>1<\/a><\/th> <td class=\"footnote_plugin_text\">S. Vertovec, Super-diversity and its implication, \u2018Ethnic and Racial Studies\u2019. 30 (6): 1024\u20131054<\/td><\/tr>\r\n\r\n<tr class=\"footnotes_plugin_reference_row\"> <th scope=\"row\" class=\"footnote_plugin_index_combi pointer\"  onclick=\"footnote_moveToAnchor_4310_1('footnote_plugin_tooltip_4310_1_2');\"><a id=\"footnote_plugin_reference_4310_1_2\" class=\"footnote_backlink\"><span class=\"footnote_index_arrow\">&#8593;<\/span>2<\/a><\/th> <td class=\"footnote_plugin_text\">E. Goffman, Asylums. Le istituzioni totali: i meccanismi dell\u2019esclusione e della violenza, Einaudi, Torino 1968.<\/td><\/tr>\r\n\r\n<tr class=\"footnotes_plugin_reference_row\"> <th scope=\"row\" class=\"footnote_plugin_index_combi pointer\"  onclick=\"footnote_moveToAnchor_4310_1('footnote_plugin_tooltip_4310_1_3');\"><a id=\"footnote_plugin_reference_4310_1_3\" class=\"footnote_backlink\"><span class=\"footnote_index_arrow\">&#8593;<\/span>3<\/a><\/th> <td class=\"footnote_plugin_text\">A. Sayad, La doppia assenza. Dalle illusioni dell&#8217;emigrato alle sofferenze dell&#8217;immigrato, Raffaello Cortina Editore, Milano 2002.<\/td><\/tr>\r\n\r\n<tr class=\"footnotes_plugin_reference_row\"> <th scope=\"row\" class=\"footnote_plugin_index_combi pointer\"  onclick=\"footnote_moveToAnchor_4310_1('footnote_plugin_tooltip_4310_1_4');\"><a id=\"footnote_plugin_reference_4310_1_4\" class=\"footnote_backlink\"><span class=\"footnote_index_arrow\">&#8593;<\/span>4<\/a><\/th> <td class=\"footnote_plugin_text\">E. Goffman, op.cit., p.71<\/td><\/tr>\r\n\r\n<tr class=\"footnotes_plugin_reference_row\"> <th scope=\"row\" class=\"footnote_plugin_index_combi pointer\"  onclick=\"footnote_moveToAnchor_4310_1('footnote_plugin_tooltip_4310_1_5');\"><a id=\"footnote_plugin_reference_4310_1_5\" class=\"footnote_backlink\"><span class=\"footnote_index_arrow\">&#8593;<\/span>5<\/a><\/th> <td class=\"footnote_plugin_text\">Circolare del Capo del Dipartimento dell\u2019Amministrazione penitenziaria 30 marzo 2017.<\/td><\/tr>\r\n\r\n<tr class=\"footnotes_plugin_reference_row\"> <th scope=\"row\" class=\"footnote_plugin_index_combi pointer\"  onclick=\"footnote_moveToAnchor_4310_1('footnote_plugin_tooltip_4310_1_6');\"><a id=\"footnote_plugin_reference_4310_1_6\" class=\"footnote_backlink\"><span class=\"footnote_index_arrow\">&#8593;<\/span>6<\/a><\/th> <td class=\"footnote_plugin_text\">La scelta di riportare il dato del 2019 \u00e8 riconducibile alla pi\u00f9 ampia portata della stima, se confrontata al pi\u00f9 esiguo numero di visite del 2020, che ha risentito delle chiusure correlate alla prevenzione della diffusione del coronavirus. Tuttavia, nonostante la ridotta possibilit\u00e0 di accesso alle strutture detentive, anche a fronte dei 44 istituti visitati nel 2020, solo 16 disponevano della carta dei diritti tradotta nelle lingue straniere pi\u00f9 diffuse<\/td><\/tr>\r\n\r\n<tr class=\"footnotes_plugin_reference_row\"> <th scope=\"row\" class=\"footnote_plugin_index_combi pointer\"  onclick=\"footnote_moveToAnchor_4310_1('footnote_plugin_tooltip_4310_1_7');\"><a id=\"footnote_plugin_reference_4310_1_7\" class=\"footnote_backlink\"><span class=\"footnote_index_arrow\">&#8593;<\/span>7<\/a><\/th> <td class=\"footnote_plugin_text\">L. Manconi, Carcere tra \u201cdomandina\u201d e bisogno di comunicazione, Intervento in \u2018La scrittura in carcere- esperienze a confronto\u2019 Casa circondariale di Rebibbia Nuovo Complesso, 27 febbraio 2007.<\/td><\/tr>\r\n\r\n<tr class=\"footnotes_plugin_reference_row\"> <th scope=\"row\" class=\"footnote_plugin_index_combi pointer\"  onclick=\"footnote_moveToAnchor_4310_1('footnote_plugin_tooltip_4310_1_8');\"><a id=\"footnote_plugin_reference_4310_1_8\" class=\"footnote_backlink\"><span class=\"footnote_index_arrow\">&#8593;<\/span>8<\/a><\/th> <td class=\"footnote_plugin_text\">Ministero della Giustizia. Detenuti presenti italiani e stranieri: <span class=\"footnote_url_wrap\">https:\/\/www.giustizia.it\/giustizia\/it\/mg_1_14_1.page?contentId=SST165666&previsiousPage=mg_1_14<\/span><\/td><\/tr>\r\n\r\n<tr class=\"footnotes_plugin_reference_row\"> <th scope=\"row\" class=\"footnote_plugin_index_combi pointer\"  onclick=\"footnote_moveToAnchor_4310_1('footnote_plugin_tooltip_4310_1_9');\"><a id=\"footnote_plugin_reference_4310_1_9\" class=\"footnote_backlink\"><span class=\"footnote_index_arrow\">&#8593;<\/span>9<\/a><\/th> <td class=\"footnote_plugin_text\">Ministero della Giustizia. Mediatori culturali operanti presso gli istituti penitenziari distinti per area d\u2019intervento \u2013 Anno 2019: <span class=\"footnote_url_wrap\">https:\/\/www.giustizia.it\/giustizia\/it\/mg_1_14_1.page?contentId=SST283973&previsiousPage=mg_14_7<\/span><\/td><\/tr>\r\n\r\n<tr class=\"footnotes_plugin_reference_row\"> <th scope=\"row\" class=\"footnote_plugin_index_combi pointer\"  onclick=\"footnote_moveToAnchor_4310_1('footnote_plugin_tooltip_4310_1_10');\"><a id=\"footnote_plugin_reference_4310_1_10\" class=\"footnote_backlink\"><span class=\"footnote_index_arrow\">&#8593;<\/span>10<\/a><\/th> <td class=\"footnote_plugin_text\">Ministero della Giustizia, Dipartimento dell\u2019Amministrazione Penitenziaria &#8211; Dotazione organica: <span class=\"footnote_url_wrap\">https:\/\/www.giustizia.it\/giustizia\/it\/mg_1_29_4_5.page<\/span><\/td><\/tr>\r\n\r\n<tr class=\"footnotes_plugin_reference_row\"> <th scope=\"row\" class=\"footnote_plugin_index_combi pointer\"  onclick=\"footnote_moveToAnchor_4310_1('footnote_plugin_tooltip_4310_1_11');\"><a id=\"footnote_plugin_reference_4310_1_11\" class=\"footnote_backlink\"><span class=\"footnote_index_arrow\">&#8593;<\/span>11<\/a><\/th> <td class=\"footnote_plugin_text\">Supplemento ordinario n. 46 alla Gazzetta Ufficiale \u2013 31 dicembre 2019: <span class=\"footnote_url_wrap\">https:\/\/www.gazzettaufficiale.it\/do\/atto\/serie_generale\/caricaPdf?cdimg=19A0809400100050110001&dgu=2019-12-31&art.dataPubblicazioneGazzetta=2019-12-31&art.codiceRedazionale=19A08094&art.num=5&art.tiposerie=SG<\/span><\/td><\/tr>\r\n\r\n<tr class=\"footnotes_plugin_reference_row\"> <th scope=\"row\" class=\"footnote_plugin_index_combi pointer\"  onclick=\"footnote_moveToAnchor_4310_1('footnote_plugin_tooltip_4310_1_12');\"><a id=\"footnote_plugin_reference_4310_1_12\" class=\"footnote_backlink\"><span class=\"footnote_index_arrow\">&#8593;<\/span>12<\/a><\/th> <td class=\"footnote_plugin_text\">Un esempio \u00e8 il caso della regione Lazio, che nel 2018 ha disposto uno stanziamento di 400.000 euro per la mediazione interculturale negli istituti penitenziari, gestibili su base comunale.<\/td><\/tr>\r\n\r\n<tr class=\"footnotes_plugin_reference_row\"> <th scope=\"row\" class=\"footnote_plugin_index_combi pointer\"  onclick=\"footnote_moveToAnchor_4310_1('footnote_plugin_tooltip_4310_1_13');\"><a id=\"footnote_plugin_reference_4310_1_13\" class=\"footnote_backlink\"><span class=\"footnote_index_arrow\">&#8593;<\/span>13<\/a><\/th> <td class=\"footnote_plugin_text\">Ministero della Giustizia. <span class=\"footnote_url_wrap\">https:\/\/www.giustizia.it\/giustizia\/it\/mg_1_8_1.page?contentId=SDC93691&previsiousPage=mg_1_6_1.<\/span><br \/>\nSi segnali come al momento dell\u2019indizione del concorso i posti messi a bando fossero 15. L\u2019elevazione da 15 a 20 unit\u00e0 \u00e8 stata comunicata con avviso recante data 26 gennaio 2021.<\/td><\/tr>\r\n\r\n <\/tbody> <\/table> <\/div><\/div><script type=\"text\/javascript\"> function footnote_expand_reference_container_4310_1() { jQuery('#footnote_references_container_4310_1').show(); jQuery('#footnote_reference_container_collapse_button_4310_1').text('\u2212'); } function footnote_collapse_reference_container_4310_1() { jQuery('#footnote_references_container_4310_1').hide(); jQuery('#footnote_reference_container_collapse_button_4310_1').text('+'); } function footnote_expand_collapse_reference_container_4310_1() { if (jQuery('#footnote_references_container_4310_1').is(':hidden')) { footnote_expand_reference_container_4310_1(); } else { footnote_collapse_reference_container_4310_1(); } } function footnote_moveToReference_4310_1(p_str_TargetID) { footnote_expand_reference_container_4310_1(); var l_obj_Target = jQuery('#' + p_str_TargetID); if (l_obj_Target.length) { jQuery( 'html, body' ).delay( 0 ); jQuery('html, body').animate({ scrollTop: l_obj_Target.offset().top - window.innerHeight * 0.2 }, 380); } } function footnote_moveToAnchor_4310_1(p_str_TargetID) { footnote_expand_reference_container_4310_1(); var l_obj_Target = jQuery('#' + p_str_TargetID); if (l_obj_Target.length) { jQuery( 'html, body' ).delay( 0 ); jQuery('html, body').animate({ scrollTop: l_obj_Target.offset().top - window.innerHeight * 0.2 }, 380); } }<\/script>","protected":false},"excerpt":{"rendered":"<p>[vc_row][vc_column width=&#8221;1\/4&#8243;][vc_column_text] [\/vc_column_text][\/vc_column][vc_column width=&#8221;3\/4&#8243;][vc_empty_space height=&#8221;50px&#8221;][\/vc_column][\/vc_row][vc_row][vc_column width=&#8221;1\/4&#8243; el_class=&#8221;citazione&#8221;][vc_column_text]La mediazione culturale \u00e8 quindi uno strumento necessario per garantire un flusso dialogico positivo e costruttivo fra tutti gli attori presenti nell\u2019universo carcerario.[\/vc_column_text][\/vc_column][vc_column width=&#8221;3\/4&#8243;][vc_column_text]Diversit\u00e0 e ambiente penitenziario Prima di analizzare nello specifico le questioni relative alla presenza di mediatori linguistici e culturali all\u2019interno delle strutture penitenziarie e alle criticit\u00e0 [&hellip;]<\/p>\n","protected":false},"author":1,"featured_media":4245,"comment_status":"open","ping_status":"open","sticky":false,"template":"","format":"standard","meta":{"_exactmetrics_skip_tracking":false,"_exactmetrics_sitenote_active":false,"_exactmetrics_sitenote_note":"","_exactmetrics_sitenote_category":0},"categories":[9],"tags":[],"acf":[],"_links":{"self":[{"href":"https:\/\/www.rapportoantigone.it\/diciassettesimo-rapporto-sulle-condizioni-di-detenzione\/wp-json\/wp\/v2\/posts\/4310"}],"collection":[{"href":"https:\/\/www.rapportoantigone.it\/diciassettesimo-rapporto-sulle-condizioni-di-detenzione\/wp-json\/wp\/v2\/posts"}],"about":[{"href":"https:\/\/www.rapportoantigone.it\/diciassettesimo-rapporto-sulle-condizioni-di-detenzione\/wp-json\/wp\/v2\/types\/post"}],"author":[{"embeddable":true,"href":"https:\/\/www.rapportoantigone.it\/diciassettesimo-rapporto-sulle-condizioni-di-detenzione\/wp-json\/wp\/v2\/users\/1"}],"replies":[{"embeddable":true,"href":"https:\/\/www.rapportoantigone.it\/diciassettesimo-rapporto-sulle-condizioni-di-detenzione\/wp-json\/wp\/v2\/comments?post=4310"}],"version-history":[{"count":10,"href":"https:\/\/www.rapportoantigone.it\/diciassettesimo-rapporto-sulle-condizioni-di-detenzione\/wp-json\/wp\/v2\/posts\/4310\/revisions"}],"predecessor-version":[{"id":5463,"href":"https:\/\/www.rapportoantigone.it\/diciassettesimo-rapporto-sulle-condizioni-di-detenzione\/wp-json\/wp\/v2\/posts\/4310\/revisions\/5463"}],"wp:featuredmedia":[{"embeddable":true,"href":"https:\/\/www.rapportoantigone.it\/diciassettesimo-rapporto-sulle-condizioni-di-detenzione\/wp-json\/wp\/v2\/media\/4245"}],"wp:attachment":[{"href":"https:\/\/www.rapportoantigone.it\/diciassettesimo-rapporto-sulle-condizioni-di-detenzione\/wp-json\/wp\/v2\/media?parent=4310"}],"wp:term":[{"taxonomy":"category","embeddable":true,"href":"https:\/\/www.rapportoantigone.it\/diciassettesimo-rapporto-sulle-condizioni-di-detenzione\/wp-json\/wp\/v2\/categories?post=4310"},{"taxonomy":"post_tag","embeddable":true,"href":"https:\/\/www.rapportoantigone.it\/diciassettesimo-rapporto-sulle-condizioni-di-detenzione\/wp-json\/wp\/v2\/tags?post=4310"}],"curies":[{"name":"wp","href":"https:\/\/api.w.org\/{rel}","templated":true}]}}