{"id":5590,"date":"2022-04-19T18:32:50","date_gmt":"2022-04-19T16:32:50","guid":{"rendered":"https:\/\/www.rapportoantigone.it\/diciottesimo-rapporto-sulle-condizioni-di-detenzione\/diritto-al-movimento-lo-sport-in-carcere-2\/"},"modified":"2022-05-30T10:59:04","modified_gmt":"2022-05-30T08:59:04","slug":"stranieri-detenuti","status":"publish","type":"post","link":"https:\/\/www.rapportoantigone.it\/diciottesimo-rapporto-sulle-condizioni-di-detenzione\/stranieri-detenuti\/","title":{"rendered":"Stranieri"},"content":{"rendered":"<p>[vc_row][vc_column width=&#8221;1\/4&#8243;]<h4 class=\"grve-element grve-align-left grve-title-no-line grve-h4 autore\" style=\"\"><span><\/span><\/h4>[vc_column_text]<!-- Simple Share Buttons Adder (8.5.4) simplesharebuttons.com --><div class=\"ssba-classic-2 ssba ssbp-wrap aligncenter ssbp--theme-1\"><div style=\"text-align:N\"><span class=\"ssba-share-text\">Share this...<\/span><br\/><a data-site=\"facebook\" class=\"ssba_facebook_share ssba_share_link\" href=\"https:\/\/www.facebook.com\/sharer.php?t=Stranieri&u=https:\/\/www.rapportoantigone.it\/diciottesimo-rapporto-sulle-condizioni-di-detenzione\/wp-json\/wp\/v2\/posts\/5590\"  style=\"color:; background-color: ; height: 48px; width: 48px; \" ><img src=\"https:\/\/www.rapportoantigone.it\/diciottesimo-rapporto-sulle-condizioni-di-detenzione\/wp-content\/plugins\/simple-share-buttons-adder\/buttons\/somacro\/facebook.png\" style=\"width: 35px;\" title=\"facebook\" class=\"ssba ssba-img\" alt=\"Share on facebook\" \/><div title=\"Facebook\" class=\"ssbp-text\">Facebook<\/div><\/a><a data-site=\"whatsapp\" class=\"ssba_whatsapp_share ssba_share_link\" href=\"https:\/\/web.whatsapp.com\/send?text=https:\/\/www.rapportoantigone.it\/diciottesimo-rapporto-sulle-condizioni-di-detenzione\/wp-json\/wp\/v2\/posts\/5590\"  style=\"color:; background-color: ; height: 48px; width: 48px; \" ><img src=\"https:\/\/www.rapportoantigone.it\/diciottesimo-rapporto-sulle-condizioni-di-detenzione\/wp-content\/plugins\/simple-share-buttons-adder\/buttons\/somacro\/whatsapp.png\" style=\"width: 35px;\" title=\"whatsapp\" class=\"ssba ssba-img\" alt=\"Share on whatsapp\" \/><div title=\"Whatsapp\" class=\"ssbp-text\">Whatsapp<\/div><\/a><a data-site=\"twitter\" class=\"ssba_twitter_share ssba_share_link\" href=\"https:\/\/twitter.com\/intent\/tweet?text=Stranieri&url=https:\/\/www.rapportoantigone.it\/diciottesimo-rapporto-sulle-condizioni-di-detenzione\/wp-json\/wp\/v2\/posts\/5590&via=\"  style=\"color:; background-color: ; height: 48px; width: 48px; \" ><img src=\"https:\/\/www.rapportoantigone.it\/diciottesimo-rapporto-sulle-condizioni-di-detenzione\/wp-content\/plugins\/simple-share-buttons-adder\/buttons\/somacro\/twitter.png\" style=\"width: 35px;\" title=\"twitter\" class=\"ssba ssba-img\" alt=\"Share on twitter\" \/><div title=\"Twitter\" class=\"ssbp-text\">Twitter<\/div><\/a><a data-site=\"linkedin\" class=\"ssba_linkedin_share ssba_share_link\" href=\"https:\/\/www.linkedin.com\/shareArticle?title=Stranieri&url=https:\/\/www.rapportoantigone.it\/diciottesimo-rapporto-sulle-condizioni-di-detenzione\/wp-json\/wp\/v2\/posts\/5590\"  style=\"color:; background-color: ; height: 48px; width: 48px; \" ><img src=\"https:\/\/www.rapportoantigone.it\/diciottesimo-rapporto-sulle-condizioni-di-detenzione\/wp-content\/plugins\/simple-share-buttons-adder\/buttons\/somacro\/linkedin.png\" style=\"width: 35px;\" title=\"linkedin\" class=\"ssba ssba-img\" alt=\"Share on linkedin\" \/><div title=\"Linkedin\" class=\"ssbp-text\">Linkedin<\/div><\/a><\/div><\/div>\u00a0    <div class=\"scaricapdf\">\n\t\t\t<a href=\"https:\/\/www.rapportoantigone.it\/diciottesimo-rapporto-sulle-condizioni-di-detenzione\/wp-content\/uploads\/2022\/05\/3.-ANTIGONE_XVIIIrapporto_Stranieri.pdf\" target=\"_blank\"><i class=\"fa fa-arrow-circle-down\" aria-hidden=\"true\"><\/i>  <\/a>\n    <\/div>\n    [\/vc_column_text][\/vc_column][vc_column width=&#8221;3\/4&#8243;]<h4 class=\"grve-element grve-align-left grve-title-no-line grve-h4 titolo\" style=\"\"><span>Stranieri<\/span><\/h4>[vc_empty_space height=&#8221;50px&#8221;][\/vc_column][\/vc_row][vc_row][vc_column width=&#8221;1\/4&#8243;][vc_column_text el_class=&#8221;citazione&#8221;][\/vc_column_text][\/vc_column][vc_column width=&#8221;3\/4&#8243;][vc_column_text]I media molto spesso offrono una comunicazione in materia criminale intrisa di stereotipi. L\u2019autore o il presunto autore di un reato vede specificata sempre la sua nazionalit\u00e0 quando non \u00e8 italiano. Questa modalit\u00e0, accompagnata dal soprassedere quando invece l\u2019autore \u00e8 italiano, contribuisce a creare una distorsione nella percezione che l\u2019opinione pubblica ha da un lato del crimine e dall\u2019altro del criminale.<\/p>\n<p>Nel corso dell\u2019ultimo trentennio il nostro Paese, \u00e8 cosa nota, \u00e8 diventato territorio di migrazione da parte di persone provenienti da altri Paesi europei &#8211; per lo pi\u00f9 dell\u2019est &#8211; e da altri continenti. Si \u00e8 assistito a una crescita di presenze di stranieri residenti in Italia che al primo gennaio 2021 ha superato quota 5 milioni e centomila persone.<\/p>\n<p>Tornando alla distorsione nella percezione del fenomeno criminale, uno sguardo ai dati sul carcere aiuta a rompere il pregiudizio, sfatando falsi miti.<\/p>\n<p>Guardando al tasso di detenzione degli stranieri, ovvero al rapporto tra gli stranieri effettivamente detenuti in carcere in Italia e quelli presenti regolarmente sul nostro territorio nello stesso periodo, possiamo notare come questo si sia pi\u00f9 che dimezzato dal 2008 al 2021.<\/p>\n<div class=\"flourish-embed flourish-chart\" data-src=\"visualisation\/9324414\"><script src=\"https:\/\/public.flourish.studio\/resources\/embed.js\"><\/script><\/div>\n<div data-src=\"visualisation\/9324414\"><\/div>\n<p>A fronte dell&#8217;importante crescita delle presenze di stranieri regolari in Italia &#8211; numeri che comunque non tengono conto invece dei molti stranieri presenti sul territorio, ma non residenti &#8211; il tasso di detenzione di cittadini non italiani ha visto un altrettanto decisiva diminuzione passando dallo 0,71% del 2008 allo 0,33% del 2021.[\/vc_column_text][\/vc_column][\/vc_row][vc_row][vc_column width=&#8221;1\/4&#8243;][vc_column_text el_class=&#8221;citazione&#8221;][\/vc_column_text][\/vc_column][vc_column width=&#8221;3\/4&#8243;][vc_column_text]<strong>Detenuti stranieri presenti<\/strong><\/p>\n<p>Gli ultimi dati disponibili al 31 marzo 2022, vedono scendere ancora la percentuale di detenuti stranieri presenti sul totale della popolazione ristretta in Italia: il 31,3% dei reclusi infatti non era italiano (17.104 persone su 54.609).<br \/>\nAndando ad analizzare lo storico delle presenze di detenuti stranieri negli istituti penitenziari italiani, \u00e8 possibile vedere come a fronte di un apice nel 2011 con il 36,1% dei detenuti in carcere che aveva una cittadinanza diversa da quella italiana, questa percentuale \u00e8 andata poi progressivamente e costantemente a diminuire, scendendo sotto il 31% gi\u00e0 nel 2021.<\/p>\n<div class=\"flourish-embed flourish-chart\" data-src=\"visualisation\/9324511\"><script src=\"https:\/\/public.flourish.studio\/resources\/embed.js\"><\/script><\/div>\n<p>La distribuzione della popolazione reclusa straniera negli istituti penitenziari italiani non \u00e8 omogenea. Infatti, vi sono alcune aree geografiche dove le carceri accolgono un maggior numero di detenuti stranieri rispetto ad altre. Andiamo a vedere nel dettaglio. Negli istituti del Trentino Alto Adige la presenza di detenuti stranieri \u00e8 del 59,6%, nell\u2019unico istituto della Valle d\u2019Aosta \u00e8 di poco sopra il 59% e negli istituti liguri \u00e8 pari al 56,2%. Altre Regioni con una presenza sopra la media sono: Emilia-Romagna (47,8%), Toscana (47%), Lombardia (45,4%) Friuli Venezia Giulia (39,9%). Le regioni con una presenza straniera sotto la media sono invece: la Basilicata (10,7%), la Campania (13,4%), la Puglia (14,7%), , la Sicilia (15,6%), l\u2019Abruzzo (16,6%) e la Calabria (22,9%).<\/p>\n<div class=\"flourish-embed flourish-map\" data-src=\"visualisation\/9324600\"><script src=\"https:\/\/public.flourish.studio\/resources\/embed.js\"><\/script><\/div>\n<p>Discorso analogo pu\u00f2 essere fatto sui singoli istituti; alcuni hanno numeri percentuali ben al di sopra della media. Sopra al 60% di presenze troviamo la casa di reclusione di Cremona (71,8%), la casa circondariale di Padova (67,5%), le case di reclusione di Arbus (67,2%) e di Onani (66,9%) entrambe in Sardegna, la casa circondariale di Sollicciano a Firenze (66,9%) la casa circondariale di Venezia (64%), la casa di reclusione di San Remo (63,1%), la casa circondariale di Lodi (62,9%), le case circondariali di Trieste (61,5%), Verona e Milano San Vittore (61,3%), e quelle di Arezzo (60,7%) Modena (60,1%) e di Alessandria (60%). Mentre alcuni istituti hanno percentuali di presenza al di sotto del 5% per quanto riguarda i detenuti stranieri; tra questi troviamo le case di reclusione di Sulmona (1,8%), Fossombrone e Altamura (2,3%), Eboli (2,9%), Saluzzo (3,8%), Tempio Pausania (3,9%) e San Gimignano (4,1%) e le case circondariali di Giarre (4%) e Vallo della Lucania (4,1%).<\/p>\n<p>In termini assoluti vi sono alcuni istituti con un grandissimo numero di stranieri presenti: nella casa circondariale di Torino erano 663 (45,6% sul totale), mentre a Milano San Vittore 575 (61,3% sul totale); nella casa di reclusione di Bollate a Milano erano 536 (il 40,1% sul totale). A Regina Coeli a Roma 479 detenuti erano stranieri (51,3% del totale) e a Rebibbia Nuovo Complesso, sempre a Roma, 444 (33% sul totale).[\/vc_column_text][\/vc_column][\/vc_row][vc_row][vc_column width=&#8221;1\/4&#8243;][vc_column_text el_class=&#8221;citazione&#8221;][\/vc_column_text][\/vc_column][vc_column width=&#8221;3\/4&#8243;][vc_column_text]<strong>Posizione giuridica, pene, reati e recidiva<\/strong><\/p>\n<p>I detenuti stranieri al 31 marzo 2022, erano in maggioranza definitivi (11.641), mentre gli imputati erano 5.403 e gli internati 60. Tra i non definitivi, 2.902 erano in attesa di primo giudizio, 1.245 appellanti e 1.077 ricorrenti. Se i detenuti in attesa di giudizio rappresentano in totale (quindi italiani e stranieri) il 15,6% della popolazione ristretta, i soli detenuti stranieri in attesa di primo giudizio rappresentano il 17% sul totale dei detenuti stranieri e questo dato dimostra come generalmente i detenuti stranieri siano maggiormente colpiti dalla misura cautelare del carcere rispetto agli italiani.<\/p>\n<p>La pena residua dei detenuti stranieri (dati al 31\/12\/2021) \u00e8 generalmente pi\u00f9 bassa rispetto al totale della popolazione detenuta: il 24,3% degli stranieri sconta infatti un residuo di pena tra 0 e 1 anno &#8211; a fronte di una percentuale generale del 18%. Il 42,2% degli stranieri sconta tra 0 e 5 anni di residuo pena, a fronte del 37,6% del totale della popolazione detenuta che sconta lo stesso residuo.<\/p>\n<p>Solo il 2,6% dei detenuti stranieri ha una pena inflitta a pi\u00f9 di 20 anni di carcere, a fronte del 6,6% della popolazione totale detenuta. l\u20191% dei detenuti stranieri sconta la pena dell\u2019ergastolo, a fronte del 4,8% del totale della popolazione detenuta.<\/p>\n<div class=\"flourish-embed flourish-chart\" data-src=\"visualisation\/9326088\"><script src=\"https:\/\/public.flourish.studio\/resources\/embed.js\"><\/script><\/div>\n<p>Venendo ai reati, al 31 dicembre 2021 lo 0,7% dei reati di cui erano accusati o condannati detenuti stranieri era l\u2019associazione di stampo mafioso (416bis), reato che riguarda invece il 5,7% del totale dei detenuti. La maggior parte dei reati che interessano i detenuti stranieri sono: contro il patrimonio (25,7%), contro la persona (22%), e il testo unico in materia di stupefacenti (18%).<br \/>\nAl 31 dicembre 2021 il 54,5% dei detenuti stranieri era alla prima carcerazione e mentre il 68,9% dei detenuti italiani aveva precedenti carcerazioni. Solo lo 0,5% dei detenuti stranieri aveva 10 o pi\u00f9 carcerazioni alle spalle, a fronte del 4,2% dei detenuti italiani in questa stessa condizione.<\/p>\n<div class=\"flourish-embed flourish-chart\" data-src=\"visualisation\/9217690\"><script src=\"https:\/\/public.flourish.studio\/resources\/embed.js\"><\/script><\/div>\n<p>[\/vc_column_text][\/vc_column][\/vc_row][vc_row][vc_column width=&#8221;1\/4&#8243;][vc_column_text el_class=&#8221;citazione&#8221;][\/vc_column_text][\/vc_column][vc_column width=&#8221;3\/4&#8243;][vc_column_text]<strong>Aree di provenienza<\/strong><\/p>\n<p>La nazionalit\u00e0 diversa dall\u2019italiana pi\u00f9 rappresentata negli istituti penitenziari italiani, con i dati al 31 marzo 2022, \u00e8 ancora quella marocchina che rappresenta il 19,9% dei detenuti stranieri reclusi. Vi \u00e8 poi la rumena (11,9%), l\u2019albanese (10,7%), la tunisina (10,2%) e la nigeriana (7,5%).<br \/>\nPer quanto riguarda le donne tra queste nazionalit\u00e0 in modo particolare sono rappresentate la rumena e la nigeriana, mentre assai poche sono le donne detenute provenienti dalla regione del Maghreb e quasi tutte (42) hanno cittadinanza marocchina.<\/p>\n<p><strong>Sesso ed et\u00e0 dei detenuti stranieri<\/strong><\/p>\n<p>Le donne straniere detenute in carcere in Italia al 31 marzo 2022 erano 727 su un totale di 17.104 detenuti non italiani, rappresentavano cos\u00ec il 4,3% dei detenuti stranieri. Le donne italiane detenute sono 1549 che rappresentano il 4,1% del totale dei detenuti italiani (37.505).<\/p>\n<p>I dati del DAP al 31 dicembre 2021, ci dicono che la fascia d\u2019et\u00e0 pi\u00f9 rappresentata tra i detenuti stranieri \u00e8 quella tra i 30 e i 34 anni, mentre sul totale dei detenuti \u00e8 quella tra i 50 e i 59. Possiamo pertanto dire che i detenuti stranieri sono generalmente pi\u00f9 giovani di quelli italiani. Questa supposizione \u00e8 rafforzata anche dal fatto che se sul totale dei detenuti il 30,6% ha tra i 18 e i 34 anni, sul totale dei detenuti stranieri il 45,9% appartiene alla stessa fascia d\u2019et\u00e0. Inoltre se l\u20191,8% dei detenuti ha pi\u00f9 di 70 anni, solo lo 0,2% sono stranieri.<\/p>\n<div class=\"flourish-embed flourish-chart\" data-src=\"visualisation\/9336557\"><script src=\"https:\/\/public.flourish.studio\/resources\/embed.js\"><\/script><\/div>\n<p>[\/vc_column_text][\/vc_column][\/vc_row]<\/p>\n","protected":false},"excerpt":{"rendered":"<p>[vc_row][vc_column width=&#8221;1\/4&#8243;][vc_column_text]\u00a0[\/vc_column_text][\/vc_column][vc_column width=&#8221;3\/4&#8243;][vc_empty_space height=&#8221;50px&#8221;][\/vc_column][\/vc_row][vc_row][vc_column width=&#8221;1\/4&#8243;][vc_column_text el_class=&#8221;citazione&#8221;][\/vc_column_text][\/vc_column][vc_column width=&#8221;3\/4&#8243;][vc_column_text]I media molto spesso offrono una comunicazione in materia criminale intrisa di stereotipi. L\u2019autore o il presunto autore di un reato vede specificata sempre la sua nazionalit\u00e0 quando non \u00e8 italiano. Questa modalit\u00e0, accompagnata dal soprassedere quando invece l\u2019autore \u00e8 italiano, contribuisce a creare una distorsione nella percezione che [&hellip;]<\/p>\n","protected":false},"author":3,"featured_media":5677,"comment_status":"open","ping_status":"open","sticky":false,"template":"","format":"standard","meta":{"_mi_skip_tracking":false},"categories":[8],"tags":[],"acf":[],"_links":{"self":[{"href":"https:\/\/www.rapportoantigone.it\/diciottesimo-rapporto-sulle-condizioni-di-detenzione\/wp-json\/wp\/v2\/posts\/5590"}],"collection":[{"href":"https:\/\/www.rapportoantigone.it\/diciottesimo-rapporto-sulle-condizioni-di-detenzione\/wp-json\/wp\/v2\/posts"}],"about":[{"href":"https:\/\/www.rapportoantigone.it\/diciottesimo-rapporto-sulle-condizioni-di-detenzione\/wp-json\/wp\/v2\/types\/post"}],"author":[{"embeddable":true,"href":"https:\/\/www.rapportoantigone.it\/diciottesimo-rapporto-sulle-condizioni-di-detenzione\/wp-json\/wp\/v2\/users\/3"}],"replies":[{"embeddable":true,"href":"https:\/\/www.rapportoantigone.it\/diciottesimo-rapporto-sulle-condizioni-di-detenzione\/wp-json\/wp\/v2\/comments?post=5590"}],"version-history":[{"count":3,"href":"https:\/\/www.rapportoantigone.it\/diciottesimo-rapporto-sulle-condizioni-di-detenzione\/wp-json\/wp\/v2\/posts\/5590\/revisions"}],"predecessor-version":[{"id":5929,"href":"https:\/\/www.rapportoantigone.it\/diciottesimo-rapporto-sulle-condizioni-di-detenzione\/wp-json\/wp\/v2\/posts\/5590\/revisions\/5929"}],"wp:featuredmedia":[{"embeddable":true,"href":"https:\/\/www.rapportoantigone.it\/diciottesimo-rapporto-sulle-condizioni-di-detenzione\/wp-json\/wp\/v2\/media\/5677"}],"wp:attachment":[{"href":"https:\/\/www.rapportoantigone.it\/diciottesimo-rapporto-sulle-condizioni-di-detenzione\/wp-json\/wp\/v2\/media?parent=5590"}],"wp:term":[{"taxonomy":"category","embeddable":true,"href":"https:\/\/www.rapportoantigone.it\/diciottesimo-rapporto-sulle-condizioni-di-detenzione\/wp-json\/wp\/v2\/categories?post=5590"},{"taxonomy":"post_tag","embeddable":true,"href":"https:\/\/www.rapportoantigone.it\/diciottesimo-rapporto-sulle-condizioni-di-detenzione\/wp-json\/wp\/v2\/tags?post=5590"}],"curies":[{"name":"wp","href":"https:\/\/api.w.org\/{rel}","templated":true}]}}