{"id":6145,"date":"2023-02-24T13:31:17","date_gmt":"2023-02-24T12:31:17","guid":{"rendered":"https:\/\/www.rapportoantigone.it\/primo-rapporto-sulle-condizioni-di-detenzione-femminile\/casa-circondariale-femminile-di-pozzuoli-2\/"},"modified":"2023-05-02T17:29:33","modified_gmt":"2023-05-02T15:29:33","slug":"icam-torino-giuseppe-lorusso-e-lorenzo-cutugno","status":"publish","type":"post","link":"https:\/\/www.rapportoantigone.it\/primo-rapporto-sulle-donne-detenute-in-italia\/icam-torino-giuseppe-lorusso-e-lorenzo-cutugno\/","title":{"rendered":"Istituto a Custodia Attenuata per Madri di Torino \u2018Giuseppe Lorusso e Lorenzo Cutugno\u2019"},"content":{"rendered":"<p>[vc_row][vc_column width=&#8221;1\/4&#8243;][vc_column_text]<!-- Simple Share Buttons Adder (8.5.4) simplesharebuttons.com --><div class=\"ssba-classic-2 ssba ssbp-wrap aligncenter ssbp--theme-1\"><div style=\"text-align:N\"><span class=\"ssba-share-text\">Share this...<\/span><br\/><a data-site=\"facebook\" class=\"ssba_facebook_share ssba_share_link\" href=\"https:\/\/www.facebook.com\/sharer.php?t=Istituto a Custodia Attenuata per Madri di Torino \u2018Giuseppe Lorusso e Lorenzo Cutugno\u2019&u=https:\/\/www.rapportoantigone.it\/primo-rapporto-sulle-donne-detenute-in-italia\/wp-json\/wp\/v2\/posts\/6145\"  style=\"color:; background-color: ; height: 48px; width: 48px; \" ><img src=\"https:\/\/www.rapportoantigone.it\/primo-rapporto-sulle-donne-detenute-in-italia\/wp-content\/plugins\/simple-share-buttons-adder\/buttons\/somacro\/facebook.png\" style=\"width: 35px;\" title=\"facebook\" class=\"ssba ssba-img\" alt=\"Share on facebook\" \/><div title=\"Facebook\" class=\"ssbp-text\">Facebook<\/div><\/a><a data-site=\"whatsapp\" class=\"ssba_whatsapp_share ssba_share_link\" href=\"https:\/\/web.whatsapp.com\/send?text=https:\/\/www.rapportoantigone.it\/primo-rapporto-sulle-donne-detenute-in-italia\/wp-json\/wp\/v2\/posts\/6145\"  style=\"color:; background-color: ; height: 48px; width: 48px; \" ><img src=\"https:\/\/www.rapportoantigone.it\/primo-rapporto-sulle-donne-detenute-in-italia\/wp-content\/plugins\/simple-share-buttons-adder\/buttons\/somacro\/whatsapp.png\" style=\"width: 35px;\" title=\"whatsapp\" class=\"ssba ssba-img\" alt=\"Share on whatsapp\" \/><div title=\"Whatsapp\" class=\"ssbp-text\">Whatsapp<\/div><\/a><a data-site=\"twitter\" class=\"ssba_twitter_share ssba_share_link\" href=\"https:\/\/twitter.com\/intent\/tweet?text=Istituto a Custodia Attenuata per Madri di Torino \u2018Giuseppe Lorusso e Lorenzo Cutugno\u2019&url=https:\/\/www.rapportoantigone.it\/primo-rapporto-sulle-donne-detenute-in-italia\/wp-json\/wp\/v2\/posts\/6145&via=\"  style=\"color:; background-color: ; height: 48px; width: 48px; \" ><img src=\"https:\/\/www.rapportoantigone.it\/primo-rapporto-sulle-donne-detenute-in-italia\/wp-content\/plugins\/simple-share-buttons-adder\/buttons\/somacro\/twitter.png\" style=\"width: 35px;\" title=\"twitter\" class=\"ssba ssba-img\" alt=\"Share on twitter\" \/><div title=\"Twitter\" class=\"ssbp-text\">Twitter<\/div><\/a><a data-site=\"linkedin\" class=\"ssba_linkedin_share ssba_share_link\" href=\"https:\/\/www.linkedin.com\/shareArticle?title=Istituto a Custodia Attenuata per Madri di Torino \u2018Giuseppe Lorusso e Lorenzo Cutugno\u2019&url=https:\/\/www.rapportoantigone.it\/primo-rapporto-sulle-donne-detenute-in-italia\/wp-json\/wp\/v2\/posts\/6145\"  style=\"color:; background-color: ; height: 48px; width: 48px; \" ><img src=\"https:\/\/www.rapportoantigone.it\/primo-rapporto-sulle-donne-detenute-in-italia\/wp-content\/plugins\/simple-share-buttons-adder\/buttons\/somacro\/linkedin.png\" style=\"width: 35px;\" title=\"linkedin\" class=\"ssba ssba-img\" alt=\"Share on linkedin\" \/><div title=\"Linkedin\" class=\"ssbp-text\">Linkedin<\/div><\/a><\/div><\/div>\u00a0    <div class=\"scaricapdf\">\n\t\t\t<a href=\"https:\/\/www.rapportoantigone.it\/primo-rapporto-sulle-donne-detenute-in-italia\/wp-content\/uploads\/2023\/05\/53.-ANTIGONE_DonneDetenute_TorinoICAM.pdf\" target=\"_blank\"><i class=\"fa fa-arrow-circle-down\" aria-hidden=\"true\"><\/i>  <\/a>\n    <\/div>\n    [\/vc_column_text][\/vc_column][vc_column width=&#8221;3\/4&#8243;]<h4 class=\"grve-element grve-align-left grve-title-no-line grve-h4 titolo\" style=\"\"><span>Istituto a Custodia Attenuata per Madri di Torino \u2018Giuseppe Lorusso e Lorenzo Cutugno\u2019<\/span><\/h4>[vc_empty_space height=&#8221;5px&#8221;][\/vc_column][\/vc_row][vc_row][vc_column width=&#8221;1\/4&#8243;][\/vc_column][vc_column width=&#8221;3\/4&#8243;][vc_column_text]Indirizzo: Via Pianezza 300, 10155 Torino<br \/>\nTelefono: 011 4557585<br \/>\nE-mail: <a href=\"mailto:cc.levallette.torino@giustizia.it\">cc.levallette.torino@giustizia.it<\/a><br \/>\nPosta certificata: <a href=\"mailto:cc.levallette.torino@giustiziacert.it\">cc.levallette.torino@giustiziacert.it<\/a><br \/>\nTipologia: Istituto a Custodia Attenuata per Madri<br \/>\nDislocazione: extraurbana[\/vc_column_text][vc_column_text]<\/p>\n<h5><strong>Aspetti identificativi e problematiche<\/strong><\/h5>\n<p>L\u2019Istituto a Custodia Attenuata per Madri (ICAM) di Torino \u00e8 stato avviato nell\u2019aprile 2015 con il trasferimento di nuclei madre-figlio presenti nel nido interno del padiglione femminile del carcere cittadino Lo Russo e Cutugno. \u00c8 fisicamente situato all\u2019interno del carcere in una palazzina a s\u00e9 stante che ospita sia l\u2019ICAM, sia due sezioni per persone autorizzate al lavoro all\u2019esterno ex art. 21 OP o in semilibert\u00e0. L\u2019ICAM \u00e8 organizzato come una casa-famiglia con ampi spazi comuni e camere accoglienti dotate di bagno, ciascuna delle quali ospita un nucleo madre-figlio. Al momento della visita erano presenti 3 donne con i loro bambini, di et\u00e0 compresa tra 2 e 5 anni. Prima dell\u2019avvento della pandemia l\u2019ICAM registrava presenze pi\u00f9 elevate che si attestavano a circa 10\/13 nuclei. Le donne detenute si possono muovere liberamente all\u2019interno della struttura e nell\u2019area verde antistante la palazzina. Le regole riguardano la gestione della quotidianit\u00e0 e degli spazi comuni. I bambini frequentano l\u2019asilo nido e la scuola dell\u2019infanzia presenti nel quartiere cittadino. Il pomeriggio e il week end sono previste attivit\u00e0 educative e ludiche, sia interne che esterna all\u2019istituto.[\/vc_column_text][vc_column_text]<\/p>\n<h5><strong>Struttura<\/strong><\/h5>\n<p>Il complesso de Le Vallette prende il nome dal quartiere in cui \u00e8 stato costruito nei primi anni 80. I collegamenti con l&#8217;istituto sono assicurati da due linee del servizio trasporti torinese (la linea 29 e la linea 32). L\u2019ICAM \u00e8 fisicamente situato all\u2019interno del carcere in una palazzina a s\u00e9 stante che oltre all&#8217;istituto (ospitato al piano terra e primo piano), ha al suo interno due sezioni (una femminile al primo piano e una maschile al secondo piano) per persone autorizzate al lavoro all\u2019esterno ex art. 21 OP o in semilibert\u00e0. L\u2019ICAM pur essendo collocato in una palazzina a parte, ha comunque il grosso limite di essere sito all\u2019interno della casa circondariale. [\/vc_column_text][vc_column_text]<u><em>Spazi detentivi<\/em><\/u><br \/>\nAl primo piano si trovano le camere di pernottamento tutte dotate di bagno. Nel lato sinistro, rispetto alle scale, sono ospitate le stanze dell\u2019ICAM. Ognuna di esse \u00e8 ad uso singolo per un nucleo madre-figlio. A destra delle scale vi sono invece le stanze per le donne che fruiscono del lavoro all\u2019esterno ex art. 21 OP e della semilibert\u00e0. Queste sono sia ad uso singolo che doppie.[\/vc_column_text][vc_column_text]<u><em>Spazi comuni<\/em><\/u><br \/>\nAl piano terra vi sono un ampio spazio comune (dotato di tavolo, divani, televisione) e una cucina dove le donne possono preparare i pasti per i loro bambini. Al primo piano si trova un locale adibito in parte a lavanderia, in parte a cucina per le donne semilibere ed in art. 21 OP. Gli arredi sono in buone condizioni. All\u2019esterno l\u2019ICAM \u00e8 dotato di una area verde &#8211; arredata con giochi per i bambini &#8211; che \u00e8 fruibile in orari stabiliti sia al mattino (dalle 10.00 alle 12.00) che al pomeriggio (dalle 15.00 alle 17.30 nel periodo invernale e dalle 16.00 alle 19.30 nel periodo estivo). Le condizioni strutturali non presentano all\u2019apparenza particolari criticit\u00e0.[\/vc_column_text][vc_column_text]<\/p>\n<h5><strong>Donne detenute e bambini<\/strong><\/h5>\n<p>Sugli 11 posti disponibili, l\u2019ICAM al momento della visita ospitava tre donne detenute insieme ai loro bambini di et\u00e0 compresa tra i 2 e i 5 anni. Prima dell\u2019avvento della pandemia, l\u2019ICAM di Torino registrava un numero di presenze assai maggiore, con 10\/13 nuclei madre\/figlio. Nell\u2019edificio che ospita l\u2019ICAM oltre alle madri detenute erano ospitate anche 12 donne, alcune in regime di semilibert\u00e0 altre in art. 21 OP.[\/vc_column_text][vc_column_text]<\/p>\n<h5><strong>Personale<\/strong><\/h5>\n<p>La Direttrice, incaricata di tutto il complesso de Le Vallette, \u00e8 la Dott.ssa Cosima Buccoliero, affiancata da un vicedirettore che lavora part-time presso l\u2019istituto. Le funzionarie giuridico-pedagogiche che seguono le donne inserite all\u2019ICAM sono 2 e si occupano anche delle donne detenute nel padiglione femminile. Le agenti di polizia Penitenziaria sono 8; sono presenti a turno nella struttura e prendono servizio in abiti borghesi. Vi sono inoltre 2\/3 educatrici della Cooperativa \u201cIl Margine\u201d, presenti giornalmente in base ad una convenzione siglata con l\u2019istituto e con il Comune di Torino. Mensilmente sono organizzate riunioni tra le \u00e9quipes del Ministero (funzionari e agenti di Polizia penitenziaria), dell\u2019ASL, della Cooperativa Il Margine e delle scuole. Almeno un paio di volte all&#8217;anno le donne detenute possono fruire di colloqui di verifica, all\u2019interno dell\u2019ICAM, con le educatrici del nido esterno o con le insegnanti della scuola di infanzia del quartiere.[\/vc_column_text][vc_column_text]<\/p>\n<h5><strong>Salute<\/strong><\/h5>\n<p>Ogni mercoled\u00ec mattina \u00e8 presente una pediatra che visita tutti i bambini; in caso di necessit\u00e0 interviene il medico di guardia. E\u2019 inoltre prevista quotidianamente la presenza di una infermiera professionale per la somministrazione delle terapie. Qualora si rendano necessarie visite mediche presso presidi esterni, il bambino \u00e8 accompagnato dalla propria madre, cos\u00ec come nei casi di urgenza quando il bambino \u00e8 trasportato all\u2019ospedale pediatrico di riferimento con l\u2019intervento del 112. Possono essere attivati interventi di psicomotricit\u00e0 in base alle esigenze dei singoli bambini e su prescrizione dell\u2019ASL. In alcune occasioni \u00e8 stato organizzato l\u2019isolamento sanitario (Covid, scabbia, malattie infettive).[\/vc_column_text][vc_column_text]<\/p>\n<h5><strong>Eventi critici e sistema disciplinare<\/strong><\/h5>\n<p>Il clima nell\u2019ICAM \u00e8 particolarmente disteso, pertanto non si sono mai registrati eventi critici n\u00e9 vengono disposte sanzioni quali l\u2019isolamento disciplinare. [\/vc_column_text][vc_column_text]<\/p>\n<h5><strong>Scuola, lavoro e formazione professionale<\/strong><\/h5>\n<p>Le donne possono accedere a percorsi scolastici e ad attivit\u00e0 lavorative alle dipendenze dell\u2019Amministrazione penitenziaria. Sono, inoltre, coinvolte nelle attivit\u00e0 di tipo domestico. [\/vc_column_text][vc_column_text]<\/p>\n<h5><strong>Attivit\u00e0 ricreative, culturali e sportive<\/strong><\/h5>\n<p>Le attivit\u00e0 di gruppo sono state sospese sia per l\u2019avvento della pandemia sia a causa dell\u2019esiguo numero delle donne presenti, ma le donne possono fruire di spazi di ascolto individuale di tipo educativo e psicologico. Le donne possono muoversi liberamente all\u2019interno della struttura e dell\u2019area verde (in quest\u2019ultima, rispettando gli orari previsti). Le regole sono orientate ad una corretta gestione degli spazi e della quotidianit\u00e0 domestica.<br \/>\nI bambini frequentano l\u2019asilo nido (fino alle 13,30) e la scuola dell\u2019infanzia (fino alle 16.30) presenti nel quartiere cittadino, dove vengono accompagnati dalle educatrici della cooperativa \u201cIl Margine\u201d. Il pomeriggio (dalle 15.00 alle 18.00) e il sabato mattina (dalle 9.00 alle 12.00), \u00e8 previsto un intervento educativo dell\u2019ASL. I bambini possono essere coinvolti in attivit\u00e0 diverse (ludoteca, nuoto, uscite sul territorio) come previsto dal Progetto \u201cIl carcere alla prova dei bambini e delle loro famiglie\u201d.<\/p>\n<ul>La \u201cGiornata tipo\u201d \u00e8 scandita dai seguenti orari:<\/p>\n<li>7.30 sveglia e colazione condivisa<\/li>\n<li>8.45 uscita dei bambini verso il nido e la scuola dell\u2019infanzia presenti nel quartiere<\/li>\n<li>13.30 rientro all\u2019ICAM dei bambini inseriti all\u2019asilo nido<\/li>\n<li>16.30 rientro all\u2019ICAM dei bambini inseriti alla scuola dell\u2019infanzia<\/li>\n<li>Pomeriggio: intervento educativo dell\u2019ASL e attivit\u00e0 extrascolastiche<\/li>\n<\/ul>\n<p>[\/vc_column_text][vc_column_text]<\/p>\n<h5><strong>Contatti con l\u2019esterno<\/strong><\/h5>\n<p>I colloqui sono organizzati in presenza. Le donne che hanno altri figli possono incontrarli all\u2019interno dell\u2019ICAM. Qualora anche il padre sia detenuto nello stesso istituto, i colloqui vengono svolti nelle sale colloquio dell\u2019istituto. Almeno un paio di volte all\u2019anno le donne possono incontrare le educatrici del nido e le insegnanti della scuola per l\u2019infanzia che si recano in istituto per i colloqui di verifica.[\/vc_column_text][\/vc_column][\/vc_row]<\/p>\n","protected":false},"excerpt":{"rendered":"<p>[vc_row][vc_column width=&#8221;1\/4&#8243;][vc_column_text]\u00a0[\/vc_column_text][\/vc_column][vc_column width=&#8221;3\/4&#8243;][vc_empty_space height=&#8221;5px&#8221;][\/vc_column][\/vc_row][vc_row][vc_column width=&#8221;1\/4&#8243;][\/vc_column][vc_column width=&#8221;3\/4&#8243;][vc_column_text]Indirizzo: Via Pianezza 300, 10155 Torino Telefono: 011 4557585 E-mail: cc.levallette.torino@giustizia.it Posta certificata: cc.levallette.torino@giustiziacert.it Tipologia: Istituto a Custodia Attenuata per Madri Dislocazione: extraurbana[\/vc_column_text][vc_column_text] Aspetti identificativi e problematiche L\u2019Istituto a Custodia Attenuata per Madri (ICAM) di Torino \u00e8 stato avviato nell\u2019aprile 2015 con il trasferimento di nuclei madre-figlio presenti nel nido [&hellip;]<\/p>\n","protected":false},"author":8,"featured_media":5975,"comment_status":"open","ping_status":"open","sticky":false,"template":"","format":"standard","meta":{"om_disable_all_campaigns":false,"_monsterinsights_skip_tracking":false,"_monsterinsights_sitenote_active":false,"_monsterinsights_sitenote_note":"","_monsterinsights_sitenote_category":0},"categories":[53],"tags":[],"acf":[],"_links":{"self":[{"href":"https:\/\/www.rapportoantigone.it\/primo-rapporto-sulle-donne-detenute-in-italia\/wp-json\/wp\/v2\/posts\/6145"}],"collection":[{"href":"https:\/\/www.rapportoantigone.it\/primo-rapporto-sulle-donne-detenute-in-italia\/wp-json\/wp\/v2\/posts"}],"about":[{"href":"https:\/\/www.rapportoantigone.it\/primo-rapporto-sulle-donne-detenute-in-italia\/wp-json\/wp\/v2\/types\/post"}],"author":[{"embeddable":true,"href":"https:\/\/www.rapportoantigone.it\/primo-rapporto-sulle-donne-detenute-in-italia\/wp-json\/wp\/v2\/users\/8"}],"replies":[{"embeddable":true,"href":"https:\/\/www.rapportoantigone.it\/primo-rapporto-sulle-donne-detenute-in-italia\/wp-json\/wp\/v2\/comments?post=6145"}],"version-history":[{"count":7,"href":"https:\/\/www.rapportoantigone.it\/primo-rapporto-sulle-donne-detenute-in-italia\/wp-json\/wp\/v2\/posts\/6145\/revisions"}],"predecessor-version":[{"id":7092,"href":"https:\/\/www.rapportoantigone.it\/primo-rapporto-sulle-donne-detenute-in-italia\/wp-json\/wp\/v2\/posts\/6145\/revisions\/7092"}],"wp:featuredmedia":[{"embeddable":true,"href":"https:\/\/www.rapportoantigone.it\/primo-rapporto-sulle-donne-detenute-in-italia\/wp-json\/wp\/v2\/media\/5975"}],"wp:attachment":[{"href":"https:\/\/www.rapportoantigone.it\/primo-rapporto-sulle-donne-detenute-in-italia\/wp-json\/wp\/v2\/media?parent=6145"}],"wp:term":[{"taxonomy":"category","embeddable":true,"href":"https:\/\/www.rapportoantigone.it\/primo-rapporto-sulle-donne-detenute-in-italia\/wp-json\/wp\/v2\/categories?post=6145"},{"taxonomy":"post_tag","embeddable":true,"href":"https:\/\/www.rapportoantigone.it\/primo-rapporto-sulle-donne-detenute-in-italia\/wp-json\/wp\/v2\/tags?post=6145"}],"curies":[{"name":"wp","href":"https:\/\/api.w.org\/{rel}","templated":true}]}}