{"id":6179,"date":"2023-02-24T15:02:59","date_gmt":"2023-02-24T14:02:59","guid":{"rendered":"https:\/\/www.rapportoantigone.it\/primo-rapporto-sulle-condizioni-di-detenzione-femminile\/sezione-transex-casa-circondariale-di-ivrea-2\/"},"modified":"2023-05-02T17:33:59","modified_gmt":"2023-05-02T15:33:59","slug":"sezione-per-detenute-trans-negli-istituti-penali-di-reggio-emilia","status":"publish","type":"post","link":"https:\/\/www.rapportoantigone.it\/primo-rapporto-sulle-donne-detenute-in-italia\/sezione-per-detenute-trans-negli-istituti-penali-di-reggio-emilia\/","title":{"rendered":"Sezione per donne trans negli Istituti penali di Reggio Emilia"},"content":{"rendered":"<p>[vc_row][vc_column width=&#8221;1\/4&#8243;][vc_column_text]<!-- Simple Share Buttons Adder (8.5.4) simplesharebuttons.com --><div class=\"ssba-classic-2 ssba ssbp-wrap aligncenter ssbp--theme-1\"><div style=\"text-align:N\"><span class=\"ssba-share-text\">Share this...<\/span><br\/><a data-site=\"facebook\" class=\"ssba_facebook_share ssba_share_link\" href=\"https:\/\/www.facebook.com\/sharer.php?t=Sezione per donne trans negli Istituti penali di Reggio Emilia&u=https:\/\/www.rapportoantigone.it\/primo-rapporto-sulle-donne-detenute-in-italia\/wp-json\/wp\/v2\/posts\/6179\"  style=\"color:; background-color: ; height: 48px; width: 48px; \" ><img src=\"https:\/\/www.rapportoantigone.it\/primo-rapporto-sulle-donne-detenute-in-italia\/wp-content\/plugins\/simple-share-buttons-adder\/buttons\/somacro\/facebook.png\" style=\"width: 35px;\" title=\"facebook\" class=\"ssba ssba-img\" alt=\"Share on facebook\" \/><div title=\"Facebook\" class=\"ssbp-text\">Facebook<\/div><\/a><a data-site=\"whatsapp\" class=\"ssba_whatsapp_share ssba_share_link\" href=\"https:\/\/web.whatsapp.com\/send?text=https:\/\/www.rapportoantigone.it\/primo-rapporto-sulle-donne-detenute-in-italia\/wp-json\/wp\/v2\/posts\/6179\"  style=\"color:; background-color: ; height: 48px; width: 48px; \" ><img src=\"https:\/\/www.rapportoantigone.it\/primo-rapporto-sulle-donne-detenute-in-italia\/wp-content\/plugins\/simple-share-buttons-adder\/buttons\/somacro\/whatsapp.png\" style=\"width: 35px;\" title=\"whatsapp\" class=\"ssba ssba-img\" alt=\"Share on whatsapp\" \/><div title=\"Whatsapp\" class=\"ssbp-text\">Whatsapp<\/div><\/a><a data-site=\"twitter\" class=\"ssba_twitter_share ssba_share_link\" href=\"https:\/\/twitter.com\/intent\/tweet?text=Sezione per donne trans negli Istituti penali di Reggio Emilia&url=https:\/\/www.rapportoantigone.it\/primo-rapporto-sulle-donne-detenute-in-italia\/wp-json\/wp\/v2\/posts\/6179&via=\"  style=\"color:; background-color: ; height: 48px; width: 48px; \" ><img src=\"https:\/\/www.rapportoantigone.it\/primo-rapporto-sulle-donne-detenute-in-italia\/wp-content\/plugins\/simple-share-buttons-adder\/buttons\/somacro\/twitter.png\" style=\"width: 35px;\" title=\"twitter\" class=\"ssba ssba-img\" alt=\"Share on twitter\" \/><div title=\"Twitter\" class=\"ssbp-text\">Twitter<\/div><\/a><a data-site=\"linkedin\" class=\"ssba_linkedin_share ssba_share_link\" href=\"https:\/\/www.linkedin.com\/shareArticle?title=Sezione per donne trans negli Istituti penali di Reggio Emilia&url=https:\/\/www.rapportoantigone.it\/primo-rapporto-sulle-donne-detenute-in-italia\/wp-json\/wp\/v2\/posts\/6179\"  style=\"color:; background-color: ; height: 48px; width: 48px; \" ><img src=\"https:\/\/www.rapportoantigone.it\/primo-rapporto-sulle-donne-detenute-in-italia\/wp-content\/plugins\/simple-share-buttons-adder\/buttons\/somacro\/linkedin.png\" style=\"width: 35px;\" title=\"linkedin\" class=\"ssba ssba-img\" alt=\"Share on linkedin\" \/><div title=\"Linkedin\" class=\"ssbp-text\">Linkedin<\/div><\/a><\/div><\/div>\u00a0    <div class=\"scaricapdf\">\n\t\t\t<a href=\"https:\/\/www.rapportoantigone.it\/primo-rapporto-sulle-donne-detenute-in-italia\/wp-content\/uploads\/2023\/05\/58.-ANTIGONE_DonneDetenute_ReggioEmiliaTrans.pdf\" target=\"_blank\"><i class=\"fa fa-arrow-circle-down\" aria-hidden=\"true\"><\/i>  <\/a>\n    <\/div>\n    [\/vc_column_text][\/vc_column][vc_column width=&#8221;3\/4&#8243;]<h4 class=\"grve-element grve-align-left grve-title-no-line grve-h4 titolo\" style=\"\"><span>Sezione per donne trans negli Istituti penali di Reggio Emilia<\/span><\/h4>[vc_empty_space height=&#8221;5px&#8221;][\/vc_column][\/vc_row][vc_row][vc_column width=&#8221;1\/4&#8243;][\/vc_column][vc_column width=&#8221;3\/4&#8243;][vc_column_text]Indirizzo: Via Settembrini 8, 42123 Reggio Emilia<br \/>\nTelefono: 0522 331666<br \/>\nEmail: <a href=\"mailto:ip.reggioemilia@giustizia.it\">ip.reggioemilia@giustizia.it<\/a><br \/>\nPEC: <a href=\"mailto:ip.reggioemilia@giustiziacert.it\">ip.reggioemilia@giustiziacert.it<\/a><br \/>\nTipologia: sezione per donne trans in Casa Circondariale maschile<br \/>\nDislocazione: extraurbana[\/vc_column_text][vc_column_text]<\/p>\n<h5><strong>Aspetti identificativi e problematiche<\/strong><\/h5>\n<p>All\u2019interno degli istituti penali di Reggio Emilia \u00e8 presente un sezione per donne transgender, l\u2019unica in regione. Al momento della visita le persone presenti nella sezione erano 11. L&#8217;eterogeneit\u00e0 dei circuiti detentivi presenti a Reggio Emilia (sia maschili che femminili) produce una serie di difficolt\u00e0, soprattutto in relazione all&#8217;offerta trattamentale che pare decisamente pi\u00f9 carente all&#8217;interno del femminile e della sezione per donne transgender. Non vi sono corsi scolastici o professionali a loro dedicati. La Direzione e l&#8217;Area educativa ritengono che la presenza di sezioni come queste, con numeri particolarmente bassi, non permettano di investire adeguatamente le gi\u00e0 poche risorse presenti in tema di trattamento tanto che ritengono che, quantomeno la sezione per donne transgender, andrebbe chiusa.[\/vc_column_text][vc_column_text]<\/p>\n<h5><strong>Struttura<\/strong><\/h5>\n<p>La struttura, in costruzione dal 1980 e aperta nel 1994, si presenta globalmente in discrete condizioni. Si raggiunge con la linea autobus n. 3 dalla stazione ferroviaria. La sezione (denominata \u201cOrione\u201d) si trova nello stesso edificio del complesso penitenziario in cui si trova anche la sezione femminile e l\u2019Articolazione per la Tutela della salute mentale maschile. Questa collocazione permette alle donne transgender di svolgere alcune attivit\u00e0 insieme alle donne detenute nella sezione femminile.[\/vc_column_text][vc_column_text]<u><em>Spazi detentivi e spazi comuni<\/em><\/u><br \/>\nLe celle appaiono in discrete condizioni e non presentano la schermatura alle finestre. Il wc \u00e8 in ambiente separato, ma non \u00e8 rilevato se ci sia il bidet in tutte le celle. Le docce sono comuni e gravate da evidenti problemi di umidit\u00e0.<br \/>\nGli spazi per le attivit\u00e0 si presentano in un generale stato di incuria, in particolare risulta fortemente problematico quello della palestra che, seppur piuttosto grande, presenta qualche danno sia al pavimento che al soffitto ed al sistema di aerazione e riscaldamento. Viene riferito per\u00f2 che sono in programma dei lavori di ristrutturazione. Le aree comuni presenti risultano davvero di piccole dimensioni e poco luminose essendo collocate al piano terra. Vi \u00e8 un laboratorio che \u00e8 stato in passato utilizzato per la realizzazione di mascherine, che per\u00f2 \u00e8 piccolo e angusto, cos\u00ec come la biblioteca. E&#8217; presente altres\u00ec una piccola sala polifunzionale da utilizzare in occasione di eventuali attivit\u00e0. I passeggi sono piccoli e sprovvisti di copertura. All&#8217;esterno \u00e8 presente anche un piccolo orto.<br \/>\n[\/vc_column_text][vc_column_text]<\/p>\n<h5><strong>Donne detenute<\/strong><\/h5>\n<p>Al momento della visita le donne presenti nella sezione erano 11. La Direzione e l&#8217;Area educativa ritengono che la presenza di sezioni come queste, con numeri particolarmente bassi, non permettano di investire adeguatamente le gi\u00e0 poche risorse presenti in tema di trattamento tanto che a loro avviso, quantomeno la sezione dedicata alle donne transgender, andrebbe chiusa.[\/vc_column_text][vc_column_text]<\/p>\n<h5><strong>Personale<\/strong><\/h5>\n<p>Mentre lo scorso anno risultava in missione da un altro istituto, attualmente la Direttrice di Reggio Emilia (Dott.ssa Lucia Monastero) \u00e8 impiegata solo per questo penitenziario. Non vi \u00e8 un vice direttore incaricato. Dei 5 funzionari giuridico-pedagogici previsti in pianta organica, ne sono effettivamente presenti 4. Viene riferito inoltre che per un lungo periodo \u00e8 stato presente un unico funzionario con notevoli conseguenze dal punto di vista della gestione dei percorsi trattamentali. In merito alla Polizia penitenziaria mancano soprattutto figure quali ispettori e sovrintendenti (in pianta organica rispettivamente 28 e 35 mentre effettivamente presenti 10 e 10). Fanno ingresso, inoltre, mediatori linguistici e culturali messi a disposizione dal Comune. Oltre al cappellano entrano in istituto i ministri di culto dei Cristiani evangelici e degli Ortodossi. Il Magistrato di sorveglianza entra in istituto senza regolarit\u00e0, solo per casi eccezionali o di particolare gravit\u00e0. Ha infatti effettuato l\u2019ingresso l&#8217;ultima volta a marzo 2020, a seguito delle rivolte. Negli anni ha fatto alcuni video collegamenti: 4 nel 2020, 4 nel 2021 e 2 nel 2022.[\/vc_column_text][vc_column_text]<\/p>\n<h5><strong>Salute<\/strong><\/h5>\n<p>Nell\u2019istituto \u00e8 presente un medico disponibile h24. Grande carenza \u00e8 registrata nei servizi per la salute mentale, sia psichiatrici che psicologici. A tal proposito, viene segnalato che molti degli eventi critici registrati in istituto avvengono all&#8217;interno della sezione per persone transgender. [\/vc_column_text][vc_column_text]<\/p>\n<h5><strong>Lavoro, scuola e attivit\u00e0<\/strong><\/h5>\n<p>La sezione per donne transgender condivide con la sezione femminile la scarsit\u00e0 di attivit\u00e0, scolastiche, lavorative e ricreative. Fortemente problematica l&#8217;assenza di corsi scolastici nella sezione per donne transgender, dove \u00e8 possibile unicamente fare qualche ora di attivit\u00e0 di dopo scuola. Nel 2021 si \u00e8 tenuto un corso di formazione per parrucchiere e barberia che ha coinvolto sia le donne della sezione femminile che le donne transgender. Non sono state rilevate ulteriori offerte trattamentali. Nel 2022, infatti, non risultavano pi\u00f9 attivi corsi scolastici o di formazione professionale in nessuna delle due sezioni. Tra le attivit\u00e0 culturali e ricreative previste si segnalano le attivit\u00e0 gestite da UISP e il laboratorio teatrale, dedicate alla totalit\u00e0 della popolazione e dunque anche alle donne transgender, di cui per\u00f2 non \u00e8 registrato il numero di partecipanti. Si tratta comunque di esperienze significative in quanto sono le uniche nell&#8217;ambito delle quali \u00e8 permesso l&#8217;incontro tra sezioni.[\/vc_column_text][vc_column_text]<\/p>\n<h5><strong>Contatti con l\u2019esterno<\/strong><\/h5>\n<p>I colloqui si svolgono tutti i giorni compreso il sabato, ma non la domenica, e soltanto nelle ore mattutine. Sono prenotabili sia di persona che via telefono o internet. E\u2019 prevista poi la possibilit\u00e0 di effettuare videochiamate in aggiunta ai colloqui in presenza, della durata di circa 30 minuti. [\/vc_column_text][\/vc_column][\/vc_row]<\/p>\n","protected":false},"excerpt":{"rendered":"<p>[vc_row][vc_column width=&#8221;1\/4&#8243;][vc_column_text]\u00a0[\/vc_column_text][\/vc_column][vc_column width=&#8221;3\/4&#8243;][vc_empty_space height=&#8221;5px&#8221;][\/vc_column][\/vc_row][vc_row][vc_column width=&#8221;1\/4&#8243;][\/vc_column][vc_column width=&#8221;3\/4&#8243;][vc_column_text]Indirizzo: Via Settembrini 8, 42123 Reggio Emilia Telefono: 0522 331666 Email: ip.reggioemilia@giustizia.it PEC: ip.reggioemilia@giustiziacert.it Tipologia: sezione per donne trans in Casa Circondariale maschile Dislocazione: extraurbana[\/vc_column_text][vc_column_text] Aspetti identificativi e problematiche All\u2019interno degli istituti penali di Reggio Emilia \u00e8 presente un sezione per donne transgender, l\u2019unica in regione. Al momento della visita [&hellip;]<\/p>\n","protected":false},"author":8,"featured_media":5975,"comment_status":"open","ping_status":"open","sticky":false,"template":"","format":"standard","meta":{"om_disable_all_campaigns":false,"_monsterinsights_skip_tracking":false,"_monsterinsights_sitenote_active":false,"_monsterinsights_sitenote_note":"","_monsterinsights_sitenote_category":0},"categories":[52],"tags":[],"acf":[],"_links":{"self":[{"href":"https:\/\/www.rapportoantigone.it\/primo-rapporto-sulle-donne-detenute-in-italia\/wp-json\/wp\/v2\/posts\/6179"}],"collection":[{"href":"https:\/\/www.rapportoantigone.it\/primo-rapporto-sulle-donne-detenute-in-italia\/wp-json\/wp\/v2\/posts"}],"about":[{"href":"https:\/\/www.rapportoantigone.it\/primo-rapporto-sulle-donne-detenute-in-italia\/wp-json\/wp\/v2\/types\/post"}],"author":[{"embeddable":true,"href":"https:\/\/www.rapportoantigone.it\/primo-rapporto-sulle-donne-detenute-in-italia\/wp-json\/wp\/v2\/users\/8"}],"replies":[{"embeddable":true,"href":"https:\/\/www.rapportoantigone.it\/primo-rapporto-sulle-donne-detenute-in-italia\/wp-json\/wp\/v2\/comments?post=6179"}],"version-history":[{"count":6,"href":"https:\/\/www.rapportoantigone.it\/primo-rapporto-sulle-donne-detenute-in-italia\/wp-json\/wp\/v2\/posts\/6179\/revisions"}],"predecessor-version":[{"id":7097,"href":"https:\/\/www.rapportoantigone.it\/primo-rapporto-sulle-donne-detenute-in-italia\/wp-json\/wp\/v2\/posts\/6179\/revisions\/7097"}],"wp:featuredmedia":[{"embeddable":true,"href":"https:\/\/www.rapportoantigone.it\/primo-rapporto-sulle-donne-detenute-in-italia\/wp-json\/wp\/v2\/media\/5975"}],"wp:attachment":[{"href":"https:\/\/www.rapportoantigone.it\/primo-rapporto-sulle-donne-detenute-in-italia\/wp-json\/wp\/v2\/media?parent=6179"}],"wp:term":[{"taxonomy":"category","embeddable":true,"href":"https:\/\/www.rapportoantigone.it\/primo-rapporto-sulle-donne-detenute-in-italia\/wp-json\/wp\/v2\/categories?post=6179"},{"taxonomy":"post_tag","embeddable":true,"href":"https:\/\/www.rapportoantigone.it\/primo-rapporto-sulle-donne-detenute-in-italia\/wp-json\/wp\/v2\/tags?post=6179"}],"curies":[{"name":"wp","href":"https:\/\/api.w.org\/{rel}","templated":true}]}}