{"id":6521,"date":"2023-03-02T14:59:02","date_gmt":"2023-03-02T13:59:02","guid":{"rendered":"https:\/\/www.rapportoantigone.it\/primo-rapporto-sulle-condizioni-di-detenzione-femminile\/sezione-femminile-casa-circondariale-di-trieste-ernesto-mari-2\/"},"modified":"2023-05-02T17:33:39","modified_gmt":"2023-05-02T15:33:39","slug":"sezione-per-detenute-trans-nella-casa-circondariale-di-como","status":"publish","type":"post","link":"https:\/\/www.rapportoantigone.it\/primo-rapporto-sulle-donne-detenute-in-italia\/sezione-per-detenute-trans-nella-casa-circondariale-di-como\/","title":{"rendered":"Sezione per donne trans nella Casa Circondariale di Como"},"content":{"rendered":"<p>[vc_row][vc_column width=&#8221;1\/4&#8243;][vc_column_text]<!-- Simple Share Buttons Adder (8.5.4) simplesharebuttons.com --><div class=\"ssba-classic-2 ssba ssbp-wrap aligncenter ssbp--theme-1\"><div style=\"text-align:N\"><span class=\"ssba-share-text\">Share this...<\/span><br\/><a data-site=\"facebook\" class=\"ssba_facebook_share ssba_share_link\" href=\"https:\/\/www.facebook.com\/sharer.php?t=Sezione per donne trans nella Casa Circondariale di Como&u=https:\/\/www.rapportoantigone.it\/primo-rapporto-sulle-donne-detenute-in-italia\/wp-json\/wp\/v2\/posts\/6521\"  style=\"color:; background-color: ; height: 48px; width: 48px; \" ><img src=\"https:\/\/www.rapportoantigone.it\/primo-rapporto-sulle-donne-detenute-in-italia\/wp-content\/plugins\/simple-share-buttons-adder\/buttons\/somacro\/facebook.png\" style=\"width: 35px;\" title=\"facebook\" class=\"ssba ssba-img\" alt=\"Share on facebook\" \/><div title=\"Facebook\" class=\"ssbp-text\">Facebook<\/div><\/a><a data-site=\"whatsapp\" class=\"ssba_whatsapp_share ssba_share_link\" href=\"https:\/\/web.whatsapp.com\/send?text=https:\/\/www.rapportoantigone.it\/primo-rapporto-sulle-donne-detenute-in-italia\/wp-json\/wp\/v2\/posts\/6521\"  style=\"color:; background-color: ; height: 48px; width: 48px; \" ><img src=\"https:\/\/www.rapportoantigone.it\/primo-rapporto-sulle-donne-detenute-in-italia\/wp-content\/plugins\/simple-share-buttons-adder\/buttons\/somacro\/whatsapp.png\" style=\"width: 35px;\" title=\"whatsapp\" class=\"ssba ssba-img\" alt=\"Share on whatsapp\" \/><div title=\"Whatsapp\" class=\"ssbp-text\">Whatsapp<\/div><\/a><a data-site=\"twitter\" class=\"ssba_twitter_share ssba_share_link\" href=\"https:\/\/twitter.com\/intent\/tweet?text=Sezione per donne trans nella Casa Circondariale di Como&url=https:\/\/www.rapportoantigone.it\/primo-rapporto-sulle-donne-detenute-in-italia\/wp-json\/wp\/v2\/posts\/6521&via=\"  style=\"color:; background-color: ; height: 48px; width: 48px; \" ><img src=\"https:\/\/www.rapportoantigone.it\/primo-rapporto-sulle-donne-detenute-in-italia\/wp-content\/plugins\/simple-share-buttons-adder\/buttons\/somacro\/twitter.png\" style=\"width: 35px;\" title=\"twitter\" class=\"ssba ssba-img\" alt=\"Share on twitter\" \/><div title=\"Twitter\" class=\"ssbp-text\">Twitter<\/div><\/a><a data-site=\"linkedin\" class=\"ssba_linkedin_share ssba_share_link\" href=\"https:\/\/www.linkedin.com\/shareArticle?title=Sezione per donne trans nella Casa Circondariale di Como&url=https:\/\/www.rapportoantigone.it\/primo-rapporto-sulle-donne-detenute-in-italia\/wp-json\/wp\/v2\/posts\/6521\"  style=\"color:; background-color: ; height: 48px; width: 48px; \" ><img src=\"https:\/\/www.rapportoantigone.it\/primo-rapporto-sulle-donne-detenute-in-italia\/wp-content\/plugins\/simple-share-buttons-adder\/buttons\/somacro\/linkedin.png\" style=\"width: 35px;\" title=\"linkedin\" class=\"ssba ssba-img\" alt=\"Share on linkedin\" \/><div title=\"Linkedin\" class=\"ssbp-text\">Linkedin<\/div><\/a><\/div><\/div>\u00a0    <div class=\"scaricapdf\">\n\t\t\t<a href=\"https:\/\/www.rapportoantigone.it\/primo-rapporto-sulle-donne-detenute-in-italia\/wp-content\/uploads\/2023\/05\/57.-ANTIGONE_DonneDetenute_ComoTrans.pdf\" target=\"_blank\"><i class=\"fa fa-arrow-circle-down\" aria-hidden=\"true\"><\/i>  <\/a>\n    <\/div>\n    [\/vc_column_text][\/vc_column][vc_column width=&#8221;3\/4&#8243;]<h4 class=\"grve-element grve-align-left grve-title-no-line grve-h4 titolo\" style=\"\"><span>Sezione per donne trans nella Casa Circondariale di Como<\/span><\/h4>[vc_empty_space height=&#8221;5px&#8221;][\/vc_column][\/vc_row][vc_row][vc_column width=&#8221;1\/4&#8243;][\/vc_column][vc_column width=&#8221;3\/4&#8243;][vc_column_text]Indirizzo: Via Al Bassone 11, 22100 Como<br \/>\nTelefono: 031 590848<br \/>\nEmail: <a href=\"mailto:cc.como@giustizia.it\">cc.como@giustizia.it<\/a><br \/>\nPEC: <a href=\"mailto:cc.como@giustiziacert.it\">cc.como@giustiziacert.it<\/a><br \/>\nTipologia: sezione per donne trans in Casa Circondariale maschile<br \/>\nDislocazione: extraurbana[\/vc_column_text][vc_column_text]<\/p>\n<h5><strong>Aspetti identificativi e problematiche <\/strong><\/h5>\n<p>La Casa Circondariale di Como \u00e8 composta da sette sezioni maschili, due sezioni femminili e una sezione protetta dedicata a donne transgender. A fronte di una capienza regolamentare di 230 posti, al momento della visita le persone detenute erano 383. Tra queste, 46 erano le donne nelle sezioni femminili e 11 le donne transgender. La sezione per donne trans \u00e8 ospitata negli spazi una volta destinati ad accogliere i nuovi giunti. In istituto \u00e8 presente una volta al mese uno specialista endocrinologo che pu\u00f2 quindi seguire le terapie ormonali delle donne transgender. Non sono state rilevate attivit\u00e0 scolastiche, lavorative e ricreative dedicate alle donne transgender. Tale carenza \u00e8 in linea con quanto previsto per le altre due sezioni femminili dell&#8217;istituto.[\/vc_column_text][vc_column_text]<\/p>\n<h5><strong>Struttura<\/strong><\/h5>\n<p>Aperto nel 1983, l&#8217;istituto \u00e8 costituito da due edifici detentivi separati, una maschile e una femminile. L\u2019istituto si colloca in posizione extraurbana, raggiungibile tramite autobus urbano (linea 11). Tutte le sezioni fanno parte del circuito di Media sicurezza. La sezione che ospita donne transgender era prima la sezione dedicata ad ospitare i nuovi giunti. [\/vc_column_text][vc_column_text]<\/p>\n<h5><strong>Donne detenute<\/strong><\/h5>\n<p>Al momento della visita le donne ospitate nella sezione erano 11.[\/vc_column_text][vc_column_text]<\/p>\n<h5><strong>Personale<\/strong><\/h5>\n<p>Il Direttore, incaricato solo in questo istituto, \u00e8 il Dott. Fabrizio Rinaldi. Il numero di funzionari giuridico-pedagogici presenti \u00e8 pari a 6. Le unit\u00e0 di Polizia penitenziaria presenti sono il 20% in meno di quelle previste in pianta organica. Sono presenti 7 ispettori. Oltre al cappellano, fanno ingresso nell\u2019istituto ministri di culto Cristiano Ortodosso e Cristiano Evangelico. \u00c8 presente un mediatore culturale. [\/vc_column_text][vc_column_text]<\/p>\n<h5><strong>Salute<\/strong><\/h5>\n<p>All\u2019interno dell\u2019istituto \u00e8 garantito il servizio di guardia medica h24, tramite 5 dottori di medicina generale e un chirurgo in pensione. Anche il servizio infermieristico \u00e8 h24, grazie alla presenza di 11 infermieri. Le visite specialistiche sono svolte tramite il personale messo a disposizione dell\u2019Ospedale Sant&#8217;Anna di Como. Nello specifico si reca in istituto un infettivologo ogni due mesi, mentre circa una volta al mese un diabetologo, un ortopedico, un endocrinologo, un radiologo, un oculista e un cardiologo. Ogni tre settimane un odontoiatra e un ginecologo. \u00c8 garantita ogni giorno la presenza del servizio psichiatrico. [\/vc_column_text][vc_column_text]<\/p>\n<h5><strong>Lavoro, scuola e attivit\u00e0<\/strong><\/h5>\n<p>In generale, le lavorazioni effettuate sono pochissime. Anche gli spazi destinati ai laboratori sono davvero ridotti e &#8211; in parte &#8211; inagibili. A differenza degli uomini, alle persone ospitate nella sezione protette non \u00e8 concesso l\u2019utilizzo della palestra n\u00e9 del campo sportivo.[\/vc_column_text][\/vc_column][\/vc_row]<\/p>\n","protected":false},"excerpt":{"rendered":"<p>[vc_row][vc_column width=&#8221;1\/4&#8243;][vc_column_text]\u00a0[\/vc_column_text][\/vc_column][vc_column width=&#8221;3\/4&#8243;][vc_empty_space height=&#8221;5px&#8221;][\/vc_column][\/vc_row][vc_row][vc_column width=&#8221;1\/4&#8243;][\/vc_column][vc_column width=&#8221;3\/4&#8243;][vc_column_text]Indirizzo: Via Al Bassone 11, 22100 Como Telefono: 031 590848 Email: cc.como@giustizia.it PEC: cc.como@giustiziacert.it Tipologia: sezione per donne trans in Casa Circondariale maschile Dislocazione: extraurbana[\/vc_column_text][vc_column_text] Aspetti identificativi e problematiche La Casa Circondariale di Como \u00e8 composta da sette sezioni maschili, due sezioni femminili e una sezione protetta dedicata a donne [&hellip;]<\/p>\n","protected":false},"author":8,"featured_media":5975,"comment_status":"open","ping_status":"open","sticky":false,"template":"","format":"standard","meta":{"om_disable_all_campaigns":false,"_monsterinsights_skip_tracking":false,"_monsterinsights_sitenote_active":false,"_monsterinsights_sitenote_note":"","_monsterinsights_sitenote_category":0},"categories":[52],"tags":[],"acf":[],"_links":{"self":[{"href":"https:\/\/www.rapportoantigone.it\/primo-rapporto-sulle-donne-detenute-in-italia\/wp-json\/wp\/v2\/posts\/6521"}],"collection":[{"href":"https:\/\/www.rapportoantigone.it\/primo-rapporto-sulle-donne-detenute-in-italia\/wp-json\/wp\/v2\/posts"}],"about":[{"href":"https:\/\/www.rapportoantigone.it\/primo-rapporto-sulle-donne-detenute-in-italia\/wp-json\/wp\/v2\/types\/post"}],"author":[{"embeddable":true,"href":"https:\/\/www.rapportoantigone.it\/primo-rapporto-sulle-donne-detenute-in-italia\/wp-json\/wp\/v2\/users\/8"}],"replies":[{"embeddable":true,"href":"https:\/\/www.rapportoantigone.it\/primo-rapporto-sulle-donne-detenute-in-italia\/wp-json\/wp\/v2\/comments?post=6521"}],"version-history":[{"count":8,"href":"https:\/\/www.rapportoantigone.it\/primo-rapporto-sulle-donne-detenute-in-italia\/wp-json\/wp\/v2\/posts\/6521\/revisions"}],"predecessor-version":[{"id":7096,"href":"https:\/\/www.rapportoantigone.it\/primo-rapporto-sulle-donne-detenute-in-italia\/wp-json\/wp\/v2\/posts\/6521\/revisions\/7096"}],"wp:featuredmedia":[{"embeddable":true,"href":"https:\/\/www.rapportoantigone.it\/primo-rapporto-sulle-donne-detenute-in-italia\/wp-json\/wp\/v2\/media\/5975"}],"wp:attachment":[{"href":"https:\/\/www.rapportoantigone.it\/primo-rapporto-sulle-donne-detenute-in-italia\/wp-json\/wp\/v2\/media?parent=6521"}],"wp:term":[{"taxonomy":"category","embeddable":true,"href":"https:\/\/www.rapportoantigone.it\/primo-rapporto-sulle-donne-detenute-in-italia\/wp-json\/wp\/v2\/categories?post=6521"},{"taxonomy":"post_tag","embeddable":true,"href":"https:\/\/www.rapportoantigone.it\/primo-rapporto-sulle-donne-detenute-in-italia\/wp-json\/wp\/v2\/tags?post=6521"}],"curies":[{"name":"wp","href":"https:\/\/api.w.org\/{rel}","templated":true}]}}