{"id":7379,"date":"2024-04-08T16:38:02","date_gmt":"2024-04-08T14:38:02","guid":{"rendered":"https:\/\/www.rapportoantigone.it\/ventesimo-rapporto-sulle-condizioni-di-detenzione\/un-anno-da-difensore-civico-2\/"},"modified":"2024-04-12T10:48:31","modified_gmt":"2024-04-12T08:48:31","slug":"dispositivi-di-monitoraggio-elettronico","status":"publish","type":"post","link":"https:\/\/www.rapportoantigone.it\/ventesimo-rapporto-sulle-condizioni-di-detenzione\/dispositivi-di-monitoraggio-elettronico\/","title":{"rendered":"Dispositivi di monitoraggio elettronico"},"content":{"rendered":"<p>[vc_row][vc_column width=&#8221;1\/4&#8243;]<h4 class=\"grve-element grve-align-left grve-title-no-line grve-h4 autore\" style=\"\"><span>di Perla Allegri<\/span><\/h4>[vc_column_text]<!-- Simple Share Buttons Adder (8.5.4) simplesharebuttons.com --><div class=\"ssba-modern-2 ssba ssbp-wrap aligncenter ssbp--theme-1\"><div style=\"text-align:center\"><span class=\"ssba-share-text\">Share this...<\/span><br\/><ul class=\"ssbp-list\"><li class='ssbp-li--facebook'><a data-site=\"facebook\" class=\"ssba_facebook_share ssba_share_link ssbp-facebook ssbp-btn\" href=\"https:\/\/www.facebook.com\/sharer.php?t=Dispositivi di monitoraggio elettronico&u=https:\/\/www.rapportoantigone.it\/ventesimo-rapporto-sulle-condizioni-di-detenzione\/wp-json\/wp\/v2\/posts\/7379\"  target=_blank  style=\"color:#4267B2; background-color: #4267B2; height: 40px; width: 40px; \" ><span><svg xmlns=\"http:\/\/www.w3.org\/2000\/svg\" fill=\"#fff\" preserveAspectRatio=\"xMidYMid meet\" height=\"1em\" width=\"1em\" viewBox=\"0 0 40 40\">\n  <g>\n    <path d=\"m21.7 16.7h5v5h-5v11.6h-5v-11.6h-5v-5h5v-2.1c0-2 0.6-4.5 1.8-5.9 1.3-1.3 2.8-2 4.7-2h3.5v5h-3.5c-0.9 0-1.5 0.6-1.5 1.5v3.5z\"><\/path>\n  <\/g>\n<\/svg>\n\n<\/span><span class=\"color-icon\"><svg xmlns=\"http:\/\/www.w3.org\/2000\/svg\" width=\"16\" height=\"28\" viewBox=\"0 0 16 28\">\n  <path fill=\"#3B5998\" d=\"M10.7,10.7 L15.7,10.7 L15.7,15.7 L10.7,15.7 L10.7,27.3 L5.7,27.3 L5.7,15.7 L0.7,15.7 L0.7,10.7 L5.7,10.7 L5.7,8.6 C5.7,6.6 6.3,4.1 7.5,2.7 C8.8,1.4 10.3,0.7 12.2,0.7 L15.7,0.7 L15.7,5.7 L12.2,5.7 C11.3,5.7 10.7,6.3 10.7,7.2 L10.7,10.7 Z\"\/>\n<\/svg>\n<\/span><div title=\"Facebook\" class=\"ssbp-text\">Facebook<\/div><\/a><\/li><li class='ssbp-li--whatsapp'><a data-site=\"whatsapp\" class=\"ssba_whatsapp_share ssba_share_link ssbp-whatsapp ssbp-btn\" href=\"https:\/\/web.whatsapp.com\/send?text=https:\/\/www.rapportoantigone.it\/ventesimo-rapporto-sulle-condizioni-di-detenzione\/wp-json\/wp\/v2\/posts\/7379\"  target=_blank  style=\"color:#25d366; background-color: #25d366; height: 40px; width: 40px; \" ><span><svg xmlns=\"http:\/\/www.w3.org\/2000\/svg\" fill=\"#fff\" preserveAspectRatio=\"xMidYMid meet\" height=\"1em\" width=\"1em\" viewBox=\"0 0 40 40\">\n  <g>\n    <path d=\"m25 21.7q0.3 0 2.2 1t2 1.2q0 0.1 0 0.3 0 0.8-0.4 1.7-0.3 0.9-1.6 1.5t-2.2 0.6q-1.3 0-4.3-1.4-2.2-1-3.8-2.6t-3.3-4.2q-1.6-2.3-1.6-4.3v-0.2q0.1-2 1.7-3.5 0.5-0.5 1.2-0.5 0.1 0 0.4 0t0.4 0.1q0.4 0 0.6 0.1t0.3 0.6q0.2 0.5 0.8 2t0.5 1.7q0 0.5-0.8 1.3t-0.7 1q0 0.2 0.1 0.3 0.7 1.7 2.3 3.1 1.2 1.2 3.3 2.2 0.3 0.2 0.5 0.2 0.4 0 1.2-1.1t1.2-1.1z m-4.5 11.9q2.8 0 5.4-1.1t4.5-3 3-4.5 1.1-5.4-1.1-5.5-3-4.5-4.5-2.9-5.4-1.2-5.5 1.2-4.5 2.9-2.9 4.5-1.2 5.5q0 4.5 2.7 8.2l-1.7 5.2 5.4-1.8q3.5 2.4 7.7 2.4z m0-30.9q3.4 0 6.5 1.4t5.4 3.6 3.5 5.3 1.4 6.6-1.4 6.5-3.5 5.3-5.4 3.6-6.5 1.4q-4.4 0-8.2-2.1l-9.3 3 3-9.1q-2.4-3.9-2.4-8.6 0-3.5 1.4-6.6t3.6-5.3 5.3-3.6 6.6-1.4z\"><\/path>\n  <\/g>\n<\/svg>\n\n<\/span><span class=\"color-icon\"><svg xmlns=\"http:\/\/www.w3.org\/2000\/svg\" width=\"35\" height=\"36\" viewBox=\"0 0 35 36\">\n  <path fill=\"#25D366\" d=\"M22,19.7 C22.2,19.7 22.9333333,20.0333333 24.2,20.7 C25.4666667,21.3666667 26.1333333,21.7666667 26.2,21.9 C26.2,21.9666667 26.2,22.0666667 26.2,22.2 C26.2,22.7333333 26.0666667,23.3 25.8,23.9 C25.6,24.5 25.0666667,25 24.2,25.4 C23.3333333,25.8 22.6,26 22,26 C21.1333333,26 19.7,25.5333333 17.7,24.6 C16.2333333,23.9333333 14.9666667,23.0666667 13.9,22 C12.8333333,20.9333333 11.7333333,19.5333333 10.6,17.8 C9.53333333,16.2666667 9,14.8333333 9,13.5 L9,13.3 C9.06666667,11.9666667 9.63333333,10.8 10.7,9.8 C11.0333333,9.46666667 11.4333333,9.3 11.9,9.3 C11.9666667,9.3 12.1,9.3 12.3,9.3 C12.5,9.3 12.6333333,9.33333333 12.7,9.4 C12.9666667,9.4 13.1666667,9.43333333 13.3,9.5 C13.4333333,9.56666667 13.5333333,9.76666667 13.6,10.1 C13.7333333,10.4333333 14,11.1 14.4,12.1 C14.8,13.1 14.9666667,13.6666667 14.9,13.8 C14.9,14.1333333 14.6333333,14.5666667 14.1,15.1 C13.5666667,15.6333333 13.3333333,15.9666667 13.4,16.1 C13.4,16.2333333 13.4333333,16.3333333 13.5,16.4 C13.9666667,17.5333333 14.7333333,18.5666667 15.8,19.5 C16.6,20.3 17.7,21.0333333 19.1,21.7 C19.3,21.8333333 19.4666667,21.9 19.6,21.9 C19.8666667,21.9 20.2666667,21.5333333 20.8,20.8 C21.3333333,20.0666667 21.7333333,19.7 22,19.7 Z M17.5,31.6 C19.3666667,31.6 21.1666667,31.2333333 22.9,30.5 C24.6333333,29.7666667 26.1333333,28.7666667 27.4,27.5 C28.6666667,26.2333333 29.6666667,24.7333333 30.4,23 C31.1333333,21.2666667 31.5,19.4666667 31.5,17.6 C31.5,15.7333333 31.1333333,13.9 30.4,12.1 C29.6666667,10.3 28.6666667,8.8 27.4,7.6 C26.1333333,6.4 24.6333333,5.43333333 22.9,4.7 C21.1666667,3.96666667 19.3666667,3.56666667 17.5,3.5 C15.6333333,3.43333333 13.8,3.83333333 12,4.7 C10.2,5.56666667 8.7,6.53333333 7.5,7.6 C6.3,8.66666667 5.33333333,10.1666667 4.6,12.1 C3.86666667,14.0333333 3.46666667,15.8666667 3.4,17.6 C3.4,20.6 4.3,23.3333333 6.1,25.8 L4.4,31 L9.8,29.2 C12.1333333,30.8 14.7,31.6 17.5,31.6 Z M17.5,0.7 C19.7666667,0.7 21.9333333,1.16666667 24,2.1 C26.0666667,3.03333333 27.8666667,4.23333333 29.4,5.7 C30.9333333,7.16666667 32.1,8.93333333 32.9,11 C33.7,13.0666667 34.1666667,15.2666667 34.3,17.6 C34.4333333,19.9333333 33.9666667,22.1 32.9,24.1 C31.8333333,26.1 30.6666667,27.8666667 29.4,29.4 C28.1333333,30.9333333 26.3333333,32.1333333 24,33 C21.6666667,33.8666667 19.5,34.3333333 17.5,34.4 C14.5666667,34.4 11.8333333,33.7 9.3,32.3 L0,35.3 L3,26.2 C1.4,23.6 0.6,20.7333333 0.6,17.6 C0.6,15.2666667 1.06666667,13.0666667 2,11 C2.93333333,8.93333333 4.13333333,7.16666667 5.6,5.7 C7.06666667,4.23333333 8.83333333,3.03333333 10.9,2.1 C12.9666667,1.16666667 15.1666667,0.7 17.5,0.7 Z\"\/>\n<\/svg>\n<\/span><div title=\"Whatsapp\" class=\"ssbp-text\">Whatsapp<\/div><\/a><\/li><li class='ssbp-li--twitter'><a data-site=\"twitter\" class=\"ssba_twitter_share ssba_share_link ssbp-twitter ssbp-btn\" href=\"https:\/\/twitter.com\/intent\/tweet?text=Dispositivi di monitoraggio elettronico&url=https:\/\/www.rapportoantigone.it\/ventesimo-rapporto-sulle-condizioni-di-detenzione\/wp-json\/wp\/v2\/posts\/7379&via=\"  target=_blank  style=\"color:#000000; background-color: #000000; height: 40px; width: 40px; \" ><span><svg width=\"25\" height=\"25\" viewBox=\"0 0 25 25\" fill=\"none\" xmlns=\"http:\/\/www.w3.org\/2000\/svg\">\n    <rect width=\"25\" height=\"25\" \/>\n    <path d=\"M14.4821 11.6218L21.0389 4H19.4852L13.7919 10.6179L9.24467 4H4L10.8763 14.0074L4 22H5.55385L11.5661 15.0113L16.3683 22H21.613L14.4821 11.6218ZM6.11371 5.16972H8.50031L19.4859 20.8835H17.0993L6.11371 5.16972Z\" fill=\"white\"\/>\n<\/svg>\n<\/span><span class=\"color-icon\"><svg width=\"25\" height=\"25\" viewBox=\"0 0 25 25\" fill=\"none\" xmlns=\"http:\/\/www.w3.org\/2000\/svg\">\n\t<rect width=\"25\" height=\"25\" \/>\n\t<path d=\"M14.4821 11.6218L21.0389 4H19.4852L13.7919 10.6179L9.24467 4H4L10.8763 14.0074L4 22H5.55385L11.5661 15.0113L16.3683 22H21.613L14.4821 11.6218ZM6.11371 5.16972H8.50031L19.4859 20.8835H17.0993L6.11371 5.16972Z\" fill=\"#000000\"\/>\n<\/svg>\n<\/span><div title=\"Twitter\" class=\"ssbp-text\">Twitter<\/div><\/a><\/li><li class='ssbp-li--linkedin'><a data-site=\"linkedin\" class=\"ssba_linkedin_share ssba_share_link ssbp-linkedin ssbp-btn\" href=\"https:\/\/www.linkedin.com\/shareArticle?title=Dispositivi di monitoraggio elettronico&url=https:\/\/www.rapportoantigone.it\/ventesimo-rapporto-sulle-condizioni-di-detenzione\/wp-json\/wp\/v2\/posts\/7379\"  target=_blank  style=\"color:#0077b5; background-color: #0077b5; height: 40px; width: 40px; \" ><span><svg xmlns=\"http:\/\/www.w3.org\/2000\/svg\" fill=\"#fff\" preserveAspectRatio=\"xMidYMid meet\" height=\"1em\" width=\"1em\" viewBox=\"0 0 40 40\">\n  <g>\n    <path d=\"m13.3 31.7h-5v-16.7h5v16.7z m18.4 0h-5v-8.9c0-2.4-0.9-3.5-2.5-3.5-1.3 0-2.1 0.6-2.5 1.9v10.5h-5s0-15 0-16.7h3.9l0.3 3.3h0.1c1-1.6 2.7-2.8 4.9-2.8 1.7 0 3.1 0.5 4.2 1.7 1 1.2 1.6 2.8 1.6 5.1v9.4z m-18.3-20.9c0 1.4-1.1 2.5-2.6 2.5s-2.5-1.1-2.5-2.5 1.1-2.5 2.5-2.5 2.6 1.2 2.6 2.5z\"><\/path>\n  <\/g>\n<\/svg>\n\n<\/span><span class=\"color-icon\"><svg xmlns=\"http:\/\/www.w3.org\/2000\/svg\" xmlns:xlink=\"http:\/\/www.w3.org\/1999\/xlink\" width=\"50px\" height=\"50px\" viewBox=\"0 0 50 50\" version=\"1.1\">\n<g id=\"surface97807\">\n<path style=\" stroke:none;fill-rule:nonzero;fill:rgb(0%,46.666667%,70.980392%);fill-opacity:1;\" d=\"M 8 3.007812 C 4.53125 3.007812 2.007812 5.089844 2.007812 7.949219 C 2.007812 10.820312 4.589844 12.988281 8 12.988281 C 11.46875 12.988281 13.988281 10.871094 13.988281 7.890625 C 13.832031 5.019531 11.359375 3.007812 8 3.007812 Z M 3 15 C 2.449219 15 2 15.449219 2 16 L 2 45 C 2 45.550781 2.449219 46 3 46 L 13 46 C 13.550781 46 14 45.550781 14 45 L 14 16 C 14 15.449219 13.550781 15 13 15 Z M 18 15 C 17.449219 15 17 15.449219 17 16 L 17 45 C 17 45.550781 17.449219 46 18 46 L 27 46 C 27.550781 46 28 45.550781 28 45 L 28 29.5 C 28 27.128906 29.820312 25.199219 32.140625 25.019531 C 32.261719 25 32.378906 25 32.5 25 C 32.621094 25 32.738281 25 32.859375 25.019531 C 35.179688 25.199219 37 27.128906 37 29.5 L 37 45 C 37 45.550781 37.449219 46 38 46 L 47 46 C 47.550781 46 48 45.550781 48 45 L 48 28 C 48 21.53125 44.527344 15 36.789062 15 C 33.269531 15 30.609375 16.359375 29 17.488281 L 29 16 C 29 15.449219 28.550781 15 28 15 Z M 18 15 \"\/>\n<\/g>\n<\/svg>\n<\/span><div title=\"Linkedin\" class=\"ssbp-text\">Linkedin<\/div><\/a><\/li><\/ul><\/div><\/div>\u00a0    [\/vc_column_text][\/vc_column][vc_column width=&#8221;3\/4&#8243;]<h4 class=\"grve-element grve-align-left grve-title-no-line grve-h4 titolo\" style=\"\"><span>Dispositivi di monitoraggio elettronico. Un\u2019analisi del sistema di sorveglianza a distanza nel contesto italiano<\/span><\/h4>[vc_empty_space height=&#8221;5px&#8221;][\/vc_column][\/vc_row][vc_row][vc_column width=&#8221;1\/4&#8243;][\/vc_column][vc_column width=&#8221;3\/4&#8243;][vc_column_text]L&#8217;uso dei braccialetti elettronici come strumento di sorveglianza ha conosciuto, negli ultimi anni, un notevole sviluppo in Italia, consentendo il monitoraggio remoto degli individui attraverso tecnologie avanzate come la radio frequenza (RF) e il sistema di posizionamento globale (GPS). La loro introduzione nel sistema di giustizia penale italiano ha per\u00f2 da subito sollevato una serie di questioni chiave riguardanti la loro accettabilit\u00e0 sociale, le loro implicazioni per i diritti individuali dei soggetti che sono sottoposti a questa forma di controllo penale e la loro efficacia.<\/p>\n<p>Introdotta nel lontano 2001, la normativa<span class=\"footnote_referrer\"><a role=\"button\" tabindex=\"0\" onclick=\"footnote_moveToReference_7379_1('footnote_plugin_reference_7379_1_1');\" onkeypress=\"footnote_moveToReference_7379_1('footnote_plugin_reference_7379_1_1');\" ><sup id=\"footnote_plugin_tooltip_7379_1_1\" class=\"footnote_plugin_tooltip_text\">1)<\/sup><\/a><span id=\"footnote_plugin_tooltip_text_7379_1_1\" class=\"footnote_tooltip\"><\/span><\/span> che li regola \u00e8 stata pi\u00f9 volte modificata con diversi interventi legislativi: con l\u2019introduzione della legge 47\/2015 i dispositivi divengono centrali nel nostro ordinamento. La nuova norma ha infatti statuito che la custodia cautelare pu\u00f2 essere applicata esclusivamente quando le altre misure coercitive o interdittive (anche cumulativamente) risultino inadeguate. Viene cos\u00ec invertito l\u2019onere motivazionale, mentre in passato il giudice poteva disporre l\u2019applicazione di mezzi tecnici di controllo solo nel caso in cui lo avesse ritenuto necessario, la norma adesso dispone che le procedure elettroniche di controllo siano sempre applicate, salvo che le stesse siano ritenute non necessarie. Accanto a questi, altri interventi legislativi successivi ne hanno esteso l&#8217;applicabilit\u00e0, inizialmente alla misura cautelare dell&#8217;allontanamento dall&#8217;abitazione familiare (articolo 282-bis c.p.p.) poi, con la legge n. 69 del 2019 (Codice rosso), anche alla previsione del divieto di avvicinamento ai luoghi frequentati dalla persona offesa (articolo 282-ter c.p.p.), come misura di contrasto alla violenza di genere (Marandola, 2024).<\/p>\n<blockquote><p>L&#8217;introduzione di questa misura nasceva con due obiettivi principali: da un lato, ridurre i tassi di detenzione, in particolare l&#8217;uso della custodia cautelare, dall\u2019altro contenere la spesa pubblica attraverso un&#8217;alternativa pi\u00f9 economica alla reclusione.<\/p><\/blockquote>\n<p>Nel nostro contesto giuridico, dopo anni in cui condividevamo con altri paesi europei un triste primato sull\u2019uso spropositato della custodia cautelare in carcere (Allegri 2019, Scandurra 2019), il trend delle misure coercitive custodiali ha iniziato a decrescere. Alla fine del 2023 il tasso delle persone in custodia cautelare, sul totale dei presenti, era del 26%, in discesa rispetto al 27,8% del 2022 e del 29,9% del 2021; solo alcuni anni prima &#8211; alla fine del 2011- raggiungeva il 40,8%, ed in passato era stato ancora pi\u00f9 alto.[\/vc_column_text][vc_column_text]<\/p>\n<div class=\"flourish-embed flourish-chart\" data-src=\"visualisation\/17370599\"><script src=\"https:\/\/public.flourish.studio\/resources\/embed.js\"><\/script><\/div>\n<p>[\/vc_column_text][\/vc_column][\/vc_row][vc_row][vc_column width=&#8221;1\/4&#8243;][vc_column_text el_class=&#8221;citazione&#8221;]Tuttavia, \u00e8 vero che si registra una diminuzione dei soggetti sottoposti a custodia cautelare, ma non una riduzione del numero complessivo delle persone detenute.[\/vc_column_text][\/vc_column][vc_column width=&#8221;3\/4&#8243;][vc_column_text]Dal grafico emerge un leggero innalzamento, nel corso dell\u2019ultimo anno, dei soggetti in attesa di primo giudizio, ma all\u2019interno di un trend comunemente in discesa. Tuttavia, \u00e8 vero che si registra una diminuzione dei soggetti sottoposti a custodia cautelare, ma non una riduzione del numero complessivo delle persone detenute. I numeri della detenzione continuano infatti a crescere in modo significativo: al 31 dicembre 2023 erano 60.166 le persone detenute, un numero che superava di oltre 10.000 unit\u00e0 la capienza regolamentare di posti letto disponibili negli istituti penitenziari.<\/p>\n<p>Contemporaneamente aumentano anche i soggetti sottoposti all\u2019area del controllo penale esterno raggiungendo le 84.610 persone, il 48,6% delle quali si trova in misura alternativa alla detenzione. Sembra pertanto di assistere a un ampliamento delle misure di controllo penale, ma esiste e, se s\u00ec, quale \u00e8 l\u2019incidenza dei braccialetti elettronici sui numeri della carcerazione?<\/p>\n<p>L\u2019ultima relazione tecnica sull\u2019utilizzo dei dispositivi ha fornito i dettagli relativi all&#8217;ultimo <a href=\"https:\/\/www.gazzettaufficiale.it\/atto\/contratti\/caricaDettaglioAtto\/originario?atto.dataPubblicazioneGazzetta=2023-05-31&atto.codiceRedazionale=TX23BGA14854\">contratto<\/a> di servizi riguardante i braccialetti elettronici, indicando che tale contratto<span class=\"footnote_referrer\"><a role=\"button\" tabindex=\"0\" onclick=\"footnote_moveToReference_7379_1('footnote_plugin_reference_7379_1_2');\" onkeypress=\"footnote_moveToReference_7379_1('footnote_plugin_reference_7379_1_2');\" ><sup id=\"footnote_plugin_tooltip_7379_1_2\" class=\"footnote_plugin_tooltip_text\">2)<\/sup><\/a><span id=\"footnote_plugin_tooltip_text_7379_1_2\" class=\"footnote_tooltip\"><\/span><\/span> &#8211; in vigore dal 1\u00b0 gennaio 2023 &#8211; prevedeva l&#8217;attivazione di 1.000 dispositivi al mese, con la possibilit\u00e0 di utilizzarne fino al 20% in pi\u00f9, per un totale di 1.200 dispositivi.[\/vc_column_text][\/vc_column][\/vc_row][vc_row][vc_column width=&#8221;1\/4&#8243;][\/vc_column][vc_column width=&#8221;3\/4&#8243;][vc_column_text]<\/p>\n<blockquote><p>Il nuovo contratto presentava quattro scenari di applicazione per i braccialetti elettronici: il monitoraggio domiciliare, il monitoraggio con tracciamento, il solo tracciamento e il tracciamento di prossimit\u00e0.<\/p><\/blockquote>\n<p>Per monitoraggio domiciliare s\u2019intende quello scenario che si configura quando l&#8217;Autorit\u00e0 Giudiziaria impone il monitoraggio del soggetto all&#8217;interno di uno o pi\u00f9 luoghi predefiniti, come ad esempio il domicilio, secondo le modalit\u00e0 e gli orari stabiliti dalla stessa Autorit\u00e0 Giudiziaria. Oltre a questo l\u2019Autorit\u00e0 giudiziaria pu\u00f2 imporre un monitoraggio domiciliare con tracciamento che prevede sia il controllo all\u2019interno di luoghi predefiniti, come il domicilio, e \u2013 secondo orari e modalit\u00e0 stabiliti &#8211; anche il tracciamento dei suoi spostamenti. In caso di allontanamento non autorizzato o di manomissione dei dispositivi di controllo elettronico, viene generato un allarme, inviato al Centro di Monitoraggio Elettronico (CEM) per avvisare le Forze di Polizia. Il tracciamento invece fa riferimento agli spostamenti del soggetto, generando un allarme nel caso in cui la persona sottoposta a controllo acceda a determinate zone di esclusione o esca dalle zone di inclusione predefinite, senza che venga effettuato il monitoraggio domiciliare. Da ultimo, il tracciamento di prossimit\u00e0, cosiddetto anti-stalking, prevede che la potenziale vittima di aggressione sia dotata di un dispositivo in grado di rilevare la presenza dell&#8217;aggressore nelle vicinanze e di generare immediatamente un allarme verso il Centro di monitoraggio elettronico.[\/vc_column_text][\/vc_column][\/vc_row][vc_row][vc_column width=&#8221;1\/4&#8243;][vc_column_text el_class=&#8221;citazione&#8221;]Il numero maggiore di dispositivi viene applicato per la misura dei domiciliari (4.646), seguito poi dalle misure anti-stalking (1.018) ed infine dai dati sul tracking (31). [\/vc_column_text][\/vc_column][vc_column width=&#8221;3\/4&#8243;][vc_column_text]Come si evince dal grafico che riporta i dati del Ministero dell\u2019Interno sulle attivazioni e disattivazioni dei braccialetti elettronici, il numero maggiore di dispositivi viene applicato per la misura dei domiciliari (4.646), seguito poi dalle misure anti-stalking (1.018) ed infine dai dati sul tracking (31).[\/vc_column_text][vc_column_text]<\/p>\n<div class=\"flourish-embed flourish-chart\" data-src=\"visualisation\/17378141\"><script src=\"https:\/\/public.flourish.studio\/resources\/embed.js\"><\/script><\/div>\n<p>[\/vc_column_text][vc_column_text]<\/p>\n<div class=\"flourish-embed flourish-chart\" data-src=\"visualisation\/17378141\"><script src=\"https:\/\/public.flourish.studio\/resources\/embed.js\"><\/script><\/div>\n<p>[\/vc_column_text][\/vc_column][\/vc_row][vc_row][vc_column width=&#8221;1\/4&#8243;][vc_column_text el_class=&#8221;citazione&#8221;]Dei 5.695 dispositivi attivi, 4.916 sono stati applicati a persone che si trovano ai domiciliari e 31 a sottoposte a tracking. [\/vc_column_text][\/vc_column][vc_column width=&#8221;3\/4&#8243;][vc_column_text]A fronte di circa 27mila denunce, dato relativo all\u2019ultimo rapporto del Ministero dell\u2019Interno, per reati legati al cosiddetto \u2018Codice rosso\u2019, sono 1.018 i braccialetti elettronici attivi per questo scopo in Italia. Di questi, secondo i dati forniti dal Viminale, 671 sono stati applicati dai carabinieri e 348 dalla polizia, vi \u00e8 poi una disattivazione da parte della Guardia di Finanza. Dei 5.695 dispositivi attivi, 4.916 sono stati applicati a persone che si trovano ai domiciliari e 31 a sottoposte a tracking.<\/p>\n<p>Nel dettaglio, per quanto riguarda i braccialetti elettronici indossati da persone che si trovano ai domiciliari: 3.707 sono stati applicati dai carabinieri, 1.135 della polizia e 74 della Guardia di finanza. Mentre per quanto riguarda quelli applicati a persone sottoposte a tracking 20 sono stati applicati dai carabinieri e 11 dalla Polizia. In Italia, dal momento del loro ingresso nel nostro ordinamento, in tutto sono stati attivati 28.136 braccialetti elettronici e 22.441 le disattivazioni per fine misura.[\/vc_column_text][\/vc_column][\/vc_row][vc_row][vc_column width=&#8221;1\/4&#8243;][\/vc_column][vc_column width=&#8221;3\/4&#8243;][vc_column_text]<\/p>\n<blockquote><p>Il numero dei dispositivi attivi, alla data del 23 novembre 2023, era di 5.965 braccialetti, un numero decisamente in aumento rispetto ai 3.357 del 2022 e ai 2.808 del 2021.<\/p><\/blockquote>\n<p>[\/vc_column_text][\/vc_column][\/vc_row][vc_row][vc_column width=&#8221;1\/4&#8243;][\/vc_column][vc_column width=&#8221;3\/4&#8243;][vc_column_text]<\/p>\n<div class=\"flourish-embed flourish-chart\" data-src=\"visualisation\/17378741\"><script src=\"https:\/\/public.flourish.studio\/resources\/embed.js\"><\/script><\/div>\n<p>[\/vc_column_text][vc_column_text]Secondo i dati contenuti nella Relazione annuale 2023 sull&#8217;applicazione delle misure cautelari, \u00e8 emerso che nell&#8217;anno precedente sono state emanate complessivamente 81.568 misure cautelari personali coercitive. Un confronto tra i dati relativi al triennio 2020-2022 e quelli del biennio precedente (2021-2020) rivela una significativa diminuzione complessiva del numero di misure emesse. Nel 2019, ad esempio, queste ultime erano state 94.197 in totale.<\/p>\n<p>Le misure cautelari custodiali, che includono il carcere, gli arresti domiciliari e il luogo di cura, rappresentano circa il 57% di tutte le misure emesse, mentre le misure non custodiali costituiscono il restante 43%. Un terzo delle misure cautelari coercitive \u00e8 di natura carceraria (32%), mentre il 25% riguarda gli arresti domiciliari, di cui il 16% \u00e8 applicato con il monitoraggio tramite mezzi elettronici.[\/vc_column_text][vc_column_text]<\/p>\n<div class=\"flourish-embed flourish-chart\" data-src=\"visualisation\/17378865\"><script src=\"https:\/\/public.flourish.studio\/resources\/embed.js\"><\/script><\/div>\n<p>[\/vc_column_text][vc_column_text]Emerge perci\u00f2 un maggior uso dei dispositivi elettronici, tuttavia non completamente in linea con le reali potenzialit\u00e0 dei dispositivi nel contenere maggiormente il ricorso all\u2019utilizzo del carcere come luogo ove scontare una misura cautelare. Il problema riguarda indubbiamente la discrepanza tra il numero di braccialetti elettronici e le applicazioni pratiche dello stesso. Per anni le ragioni dell\u2019insuccesso sono state ricondotte ad alcuni ordini di motivi quali gli agli alti costi dei dispositivi (Grassia, 2015), alla limitata disponibilit\u00e0 degli strumenti e infine ai rischi di malfunzionamenti e inaffidabilit\u00e0. Proprio in ragione di queste difficolt\u00e0 applicative \u00e8 possibile che vi sia stata \u2013 soprattutto negli anni passati &#8211; una certa reticenza da parte dell\u2019Autorit\u00e0 giudiziaria nell\u2019applicare i dispositivi perch\u00e9 non risultavano disponibili, ora per\u00f2 con il nuovo contratto &#8211; una volta valutata la fattibilit\u00e0 tecnica \u2013 sembra che la questione dei costi e della limitata disponibilit\u00e0 degli strumenti possa ormai considerata superata: ad oggi le aziende aggiudicatarie del bando di gara del Ministero dell\u2019Interno sono in grado di produrre fino a 1.000 braccialetti al mese, fino anche a un 20% in pi\u00f9, quindi 1.200 braccialetti al mese con conseguente monitoraggio e formazione del personale, per i prossimi 45 mesi, per un costo di 139 euro a singolo dispositivo.<\/p>\n<p>Diversa \u00e8 invece la questione dei malfunzionamenti tecnici. La critica che viene mossa al rischio di malfunzionamenti e ai problemi legati all&#8217;inaffidabilit\u00e0 dei mezzi elettronici \u00e8 una critica corretta, ma non pu\u00f2 e non deve essere determinante. I rischi che la tecnologia possa sbagliarsi o funzionare male sono ineliminabili, ma va anche riconosciuto il fatto che sono decenni ormai che questi dispositivi sono in circolazione in Europa, cos\u00ec come in Nord America e molti altri paesi, senza che nessuno abbia lamentato particolari disguidi tecnici (Gacek, 2022).[\/vc_column_text][\/vc_column][\/vc_row][vc_row][vc_column width=&#8221;1\/4&#8243;][vc_column_text el_class=&#8221;citazione&#8221;]Con riferimento poi al tema del contrasto della violenza di genere, \u00e8 importante considerare che la tecnologia incorporata nel braccialetto elettronico non \u00e8 di per s\u00e9 intrinsecamente riabilitativa.[\/vc_column_text][\/vc_column][vc_column width=&#8221;3\/4&#8243;][vc_column_text]Con riferimento poi al tema del contrasto della violenza di genere, \u00e8 importante considerare che la tecnologia incorporata nel braccialetto elettronico non \u00e8 di per s\u00e9 intrinsecamente riabilitativa. Il dispositivo non \u00e8 uno strumento di correzione e rieducazione, bens\u00ec uno strumento di controllo e di deterrenza. Assistiamo ad una nuova sensibilit\u00e0 e attenzione nei confronti della violenza perpetrata nei confronti delle donne , che ha portato con s\u00e9 diversi contenuti giuridici di contrasto alla violenza di genere. Ma senza una formazione specifica e una strategia ben definita per promuovere un cambiamento culturale, le misure preventive di sicurezza &#8211; come i dispositivi elettronici &#8211; non sono in grado, da sole, di risolvere il problema. \u00c8 cruciale pertanto condurre un&#8217;analisi approfondita degli investimenti economici destinati alla prevenzione della violenza contro le donne che sappiano esulare dal ricorso a mere misure custodiali, tipiche di una cultura punitiva, perch\u00e9 non \u00e8 ragionevole attendersi che il sistema penale possa costituire la risposta a ben pi\u00f9 ampie e complicate questioni di tipo culturale (Pitch, 2022).[\/vc_column_text][\/vc_column][\/vc_row][vc_row][vc_column width=&#8221;1\/4&#8243;][\/vc_column][vc_column width=&#8221;3\/4&#8243;][vc_column_text]<\/p>\n<blockquote><p>In generale, si pu\u00f2 affermare che la portata applicativa del braccialetto elettronico \u00e8 di certo aumentata soprattutto negli ultimi anni, cos\u00ec come quella di altre misure alternative al carcere, senza per\u00f2 che a questo aumento abbia fatto da contraltare una diminuzione della popolazione detenuta, cos\u00ec come ci si aspettava da una riforma normativa che era stata introdotta proprio con quell\u2019obiettivo di tipo deflattivo.<\/p><\/blockquote>\n<p>[\/vc_column_text][\/vc_column][\/vc_row][vc_row][vc_column width=&#8221;1\/4&#8243;][\/vc_column][vc_column width=&#8221;3\/4&#8243;][vc_column_text]<\/p>\n<h5>Riferimenti bibliografici:<\/h5>\n<p>Allegri P.A. (2019), L\u2019implementazione della sorveglianza elettronica ed i suoi effetti sull\u2019espansione del controllo sociale. Uno studio di caso delle sezioni GIP e GUP dei Tribunali di Torino e Reggio Calabria, in \u201cStudi sulla Questione Criminale\u201d, n. 3\/2019, 67-88.<\/p>\n<p>James G. (2022), Portable Prisons: Electronic Monitoring and the Creation of Carceral Territory. Montreal and Kingston: McGill-Queen\u2019s University Press.<\/p>\n<p>Allegri P.A. (2019), Chi entra in carcere e quanto ci resta. Cautela e pena tra riforme legislative e numeri che non tornano. Analisi di un uso eccessivo della custodia cautelare in carcere, in Miravalle M., Scandurra A. (a cura di), Il carcere secondo la Costituzione, XV Rapporto di Antigone sulle condizioni di detenzione, pp. 187-196, Roma: Antigone Edizioni.<\/p>\n<p>Brown D. (2020), Community sanctions as pervasive punishment: A review essay, in \u201cInternational Journal for Crime, Justice and Social Democracy\u201d, 9, (2), pp. 183-199.<\/p>\n<p>Grassia R.G. (2015), Il braccialetto elettronico: uno strumento inespresso. Quando la tecnologia \u00e8 al servizio dell\u2019uomo, ma la copertura finanziaria non \u00e8 al servizio della tecnologia, disponibile sul Sito web Archivio Penale: <a href=\"http:\/\/www.archiviopenale.it\/braccialetto-elettronico-misure-cautelari--trib-siena-sez-pen-(ord)-17-settembre-2015-eg-con-osservazioni-a-prima-lettura-di-r-g-grassia\/contenuti\/5294\">http:\/\/www.archiviopenale.it\/braccialetto-elettronico-misure-cautelari&#8211;trib-siena-sez-pen-(ord)-17-settembre-2015-eg-con-osservazioni-a-prima-lettura-di-r-g-grassia\/contenuti\/5294<\/a><\/p>\n<p>Marandola A. (2024), I nuovi presidi a tutela della vittima: rimedi pre-cautelari, cautelari e obblighi informativi, in \u201cDiritto penale e processo\u201d, 30, (2), pp. 186 e ss.<\/p>\n<p>Pitch T. (2022), Il malinteso della vittima. Una lettura femminista della cultura punitiva. Edizioni Gruppo Abele, Torino.<\/p>\n<p>Scandurra A. (2019), Uno sguardo al sistema carcerario italiano ed europeo, in Gonnella P. (a cura di), Riforma Ordinamento Penitenziario, G. Giappichelli Editore, Torino.[\/vc_column_text][\/vc_column][\/vc_row]<\/p>\n<div class=\"speaker-mute footnotes_reference_container\"> <div class=\"footnote_container_prepare\"><p><span role=\"button\" tabindex=\"0\" class=\"footnote_reference_container_label pointer\" onclick=\"footnote_expand_collapse_reference_container_7379_1();\">References<\/span><span role=\"button\" tabindex=\"0\" class=\"footnote_reference_container_collapse_button\" style=\"display: none;\" onclick=\"footnote_expand_collapse_reference_container_7379_1();\">[<a id=\"footnote_reference_container_collapse_button_7379_1\">+<\/a>]<\/span><\/p><\/div> <div id=\"footnote_references_container_7379_1\" style=\"\"><table class=\"footnotes_table footnote-reference-container\"><caption class=\"accessibility\">References<\/caption> <tbody> \r\n\r\n<tr class=\"footnotes_plugin_reference_row\"> <th scope=\"row\" class=\"footnote_plugin_index_combi pointer\"  onclick=\"footnote_moveToAnchor_7379_1('footnote_plugin_tooltip_7379_1_1');\"><a id=\"footnote_plugin_reference_7379_1_1\" class=\"footnote_backlink\"><span class=\"footnote_index_arrow\">&#8593;<\/span>1<\/a><\/th> <td class=\"footnote_plugin_text\"><span style=\"font-weight: 400;\">Per un approfondimento sulle modifiche normative si rimanda a <\/span><span style=\"font-weight: 400;\">Allegri P.A., <\/span><i><span style=\"font-weight: 400;\">L\u2019implementazione della sorveglianza elettronica ed i suoi effetti sull\u2019espansione del controllo sociale. Uno studio di caso delle sezioni GIP e GUP dei Tribunali di Torino e Reggio Calabria<\/span><\/i><span style=\"font-weight: 400;\">, in \u201cStudi sulla Questione Criminale\u201d, n. 3\/2019, 67-88.<\/span><\/td><\/tr>\r\n\r\n<tr class=\"footnotes_plugin_reference_row\"> <th scope=\"row\" class=\"footnote_plugin_index_combi pointer\"  onclick=\"footnote_moveToAnchor_7379_1('footnote_plugin_tooltip_7379_1_2');\"><a id=\"footnote_plugin_reference_7379_1_2\" class=\"footnote_backlink\"><span class=\"footnote_index_arrow\">&#8593;<\/span>2<\/a><\/th> <td class=\"footnote_plugin_text\"><span style=\"font-weight: 400;\">Il 28 dicembre 2022, l&#8217;Amministrazione dell&#8217;Interno ha stipulato il contratto numero 30092, in vigore dal 1\u00b0 gennaio 2023, per un servizio di &#8220;monitoraggio di soggetti mediante l&#8217;utilizzo di strumenti di sorveglianza elettronici, con servizi di monitoraggio, manutenzione correttiva ed evolutiva, nonch\u00e9 formazione, per un periodo di 45 mesi&#8221;, al costo di 15.599.125 euro esclusa IVA. Durante la durata del contratto, l&#8217;Amministrazione non assume la propriet\u00e0 dei dispositivi, ma paga un compenso per l&#8217;utilizzo singolo, fissato a 139 euro esclusa IVA. In linea con il precedente accordo (stipulato il 14 dicembre 2017 dall&#8217;Amministrazione dell&#8217;Interno con un Raggruppamento temporaneo di imprese-RTI composto da Fastweb e Vitrociset, prorogato fino alla fine del 2022), il nuovo contratto prevede l&#8217;attivazione di 1.000 dispositivi al mese, con la possibilit\u00e0 di utilizzarne fino al 20% in pi\u00f9, per un totale di 1.200 dispositivi. Va sottolineato che per utilizzo si intende l&#8217;intero ciclo di vita di un braccialetto associato a un soggetto destinatario del provvedimento giudiziario, comprensivo dell&#8217;approvvigionamento, la distribuzione, l&#8217;attivazione, la manutenzione e la disattivazione del dispositivo.<\/span><\/td><\/tr>\r\n\r\n <\/tbody> <\/table> <\/div><\/div><script type=\"text\/javascript\"> function footnote_expand_reference_container_7379_1() { jQuery('#footnote_references_container_7379_1').show(); jQuery('#footnote_reference_container_collapse_button_7379_1').text('\u2212'); } function footnote_collapse_reference_container_7379_1() { jQuery('#footnote_references_container_7379_1').hide(); jQuery('#footnote_reference_container_collapse_button_7379_1').text('+'); } function footnote_expand_collapse_reference_container_7379_1() { if (jQuery('#footnote_references_container_7379_1').is(':hidden')) { footnote_expand_reference_container_7379_1(); } else { footnote_collapse_reference_container_7379_1(); } } function footnote_moveToReference_7379_1(p_str_TargetID) { footnote_expand_reference_container_7379_1(); var l_obj_Target = jQuery('#' + p_str_TargetID); if (l_obj_Target.length) { jQuery( 'html, body' ).delay( 0 ); jQuery('html, body').animate({ scrollTop: l_obj_Target.offset().top - window.innerHeight * 0.2 }, 380); } } function footnote_moveToAnchor_7379_1(p_str_TargetID) { footnote_expand_reference_container_7379_1(); var l_obj_Target = jQuery('#' + p_str_TargetID); if (l_obj_Target.length) { jQuery( 'html, body' ).delay( 0 ); jQuery('html, body').animate({ scrollTop: l_obj_Target.offset().top - window.innerHeight * 0.2 }, 380); } }<\/script>","protected":false},"excerpt":{"rendered":"<p>[vc_row][vc_column width=&#8221;1\/4&#8243;][vc_column_text]\u00a0[\/vc_column_text][\/vc_column][vc_column width=&#8221;3\/4&#8243;][vc_empty_space height=&#8221;5px&#8221;][\/vc_column][\/vc_row][vc_row][vc_column width=&#8221;1\/4&#8243;][\/vc_column][vc_column width=&#8221;3\/4&#8243;][vc_column_text]L&#8217;uso dei braccialetti elettronici come strumento di sorveglianza ha conosciuto, negli ultimi anni, un notevole sviluppo in Italia, consentendo il monitoraggio remoto degli individui attraverso tecnologie avanzate come la radio frequenza (RF) e il sistema di posizionamento globale (GPS). La loro introduzione nel sistema di giustizia penale italiano ha per\u00f2 [&hellip;]<\/p>\n","protected":false},"author":8,"featured_media":7372,"comment_status":"open","ping_status":"open","sticky":false,"template":"","format":"standard","meta":{"_acf_changed":false,"om_disable_all_campaigns":false,"_monsterinsights_skip_tracking":false,"_monsterinsights_sitenote_active":false,"_monsterinsights_sitenote_note":"","_monsterinsights_sitenote_category":0,"footnotes":""},"categories":[9],"tags":[],"acf":[],"_links":{"self":[{"href":"https:\/\/www.rapportoantigone.it\/ventesimo-rapporto-sulle-condizioni-di-detenzione\/wp-json\/wp\/v2\/posts\/7379"}],"collection":[{"href":"https:\/\/www.rapportoantigone.it\/ventesimo-rapporto-sulle-condizioni-di-detenzione\/wp-json\/wp\/v2\/posts"}],"about":[{"href":"https:\/\/www.rapportoantigone.it\/ventesimo-rapporto-sulle-condizioni-di-detenzione\/wp-json\/wp\/v2\/types\/post"}],"author":[{"embeddable":true,"href":"https:\/\/www.rapportoantigone.it\/ventesimo-rapporto-sulle-condizioni-di-detenzione\/wp-json\/wp\/v2\/users\/8"}],"replies":[{"embeddable":true,"href":"https:\/\/www.rapportoantigone.it\/ventesimo-rapporto-sulle-condizioni-di-detenzione\/wp-json\/wp\/v2\/comments?post=7379"}],"version-history":[{"count":8,"href":"https:\/\/www.rapportoantigone.it\/ventesimo-rapporto-sulle-condizioni-di-detenzione\/wp-json\/wp\/v2\/posts\/7379\/revisions"}],"predecessor-version":[{"id":7434,"href":"https:\/\/www.rapportoantigone.it\/ventesimo-rapporto-sulle-condizioni-di-detenzione\/wp-json\/wp\/v2\/posts\/7379\/revisions\/7434"}],"wp:featuredmedia":[{"embeddable":true,"href":"https:\/\/www.rapportoantigone.it\/ventesimo-rapporto-sulle-condizioni-di-detenzione\/wp-json\/wp\/v2\/media\/7372"}],"wp:attachment":[{"href":"https:\/\/www.rapportoantigone.it\/ventesimo-rapporto-sulle-condizioni-di-detenzione\/wp-json\/wp\/v2\/media?parent=7379"}],"wp:term":[{"taxonomy":"category","embeddable":true,"href":"https:\/\/www.rapportoantigone.it\/ventesimo-rapporto-sulle-condizioni-di-detenzione\/wp-json\/wp\/v2\/categories?post=7379"},{"taxonomy":"post_tag","embeddable":true,"href":"https:\/\/www.rapportoantigone.it\/ventesimo-rapporto-sulle-condizioni-di-detenzione\/wp-json\/wp\/v2\/tags?post=7379"}],"curies":[{"name":"wp","href":"https:\/\/api.w.org\/{rel}","templated":true}]}}