{"id":7405,"date":"2024-04-09T17:22:21","date_gmt":"2024-04-09T15:22:21","guid":{"rendered":"https:\/\/www.rapportoantigone.it\/ventesimo-rapporto-sulle-condizioni-di-detenzione\/istruzione-2\/"},"modified":"2024-04-18T16:12:08","modified_gmt":"2024-04-18T14:12:08","slug":"minori","status":"publish","type":"post","link":"https:\/\/www.rapportoantigone.it\/ventesimo-rapporto-sulle-condizioni-di-detenzione\/minori\/","title":{"rendered":"Minori"},"content":{"rendered":"<p>[vc_row][vc_column width=&#8221;1\/4&#8243;][vc_column_text]<!-- Simple Share Buttons Adder (8.5.4) simplesharebuttons.com --><div class=\"ssba-modern-2 ssba ssbp-wrap aligncenter ssbp--theme-1\"><div style=\"text-align:center\"><span class=\"ssba-share-text\">Share this...<\/span><br\/><ul class=\"ssbp-list\"><li class='ssbp-li--facebook'><a data-site=\"facebook\" class=\"ssba_facebook_share ssba_share_link ssbp-facebook ssbp-btn\" href=\"https:\/\/www.facebook.com\/sharer.php?t=Minori&u=https:\/\/www.rapportoantigone.it\/ventesimo-rapporto-sulle-condizioni-di-detenzione\/wp-json\/wp\/v2\/posts\/7405\"  target=_blank  style=\"color:#4267B2; background-color: #4267B2; height: 40px; width: 40px; \" ><span><svg xmlns=\"http:\/\/www.w3.org\/2000\/svg\" fill=\"#fff\" preserveAspectRatio=\"xMidYMid meet\" height=\"1em\" width=\"1em\" viewBox=\"0 0 40 40\">\n  <g>\n    <path d=\"m21.7 16.7h5v5h-5v11.6h-5v-11.6h-5v-5h5v-2.1c0-2 0.6-4.5 1.8-5.9 1.3-1.3 2.8-2 4.7-2h3.5v5h-3.5c-0.9 0-1.5 0.6-1.5 1.5v3.5z\"><\/path>\n  <\/g>\n<\/svg>\n\n<\/span><span class=\"color-icon\"><svg xmlns=\"http:\/\/www.w3.org\/2000\/svg\" width=\"16\" height=\"28\" viewBox=\"0 0 16 28\">\n  <path fill=\"#3B5998\" d=\"M10.7,10.7 L15.7,10.7 L15.7,15.7 L10.7,15.7 L10.7,27.3 L5.7,27.3 L5.7,15.7 L0.7,15.7 L0.7,10.7 L5.7,10.7 L5.7,8.6 C5.7,6.6 6.3,4.1 7.5,2.7 C8.8,1.4 10.3,0.7 12.2,0.7 L15.7,0.7 L15.7,5.7 L12.2,5.7 C11.3,5.7 10.7,6.3 10.7,7.2 L10.7,10.7 Z\"\/>\n<\/svg>\n<\/span><div title=\"Facebook\" class=\"ssbp-text\">Facebook<\/div><\/a><\/li><li class='ssbp-li--whatsapp'><a data-site=\"whatsapp\" class=\"ssba_whatsapp_share ssba_share_link ssbp-whatsapp ssbp-btn\" href=\"https:\/\/web.whatsapp.com\/send?text=https:\/\/www.rapportoantigone.it\/ventesimo-rapporto-sulle-condizioni-di-detenzione\/wp-json\/wp\/v2\/posts\/7405\"  target=_blank  style=\"color:#25d366; background-color: #25d366; height: 40px; width: 40px; \" ><span><svg xmlns=\"http:\/\/www.w3.org\/2000\/svg\" fill=\"#fff\" preserveAspectRatio=\"xMidYMid meet\" height=\"1em\" width=\"1em\" viewBox=\"0 0 40 40\">\n  <g>\n    <path d=\"m25 21.7q0.3 0 2.2 1t2 1.2q0 0.1 0 0.3 0 0.8-0.4 1.7-0.3 0.9-1.6 1.5t-2.2 0.6q-1.3 0-4.3-1.4-2.2-1-3.8-2.6t-3.3-4.2q-1.6-2.3-1.6-4.3v-0.2q0.1-2 1.7-3.5 0.5-0.5 1.2-0.5 0.1 0 0.4 0t0.4 0.1q0.4 0 0.6 0.1t0.3 0.6q0.2 0.5 0.8 2t0.5 1.7q0 0.5-0.8 1.3t-0.7 1q0 0.2 0.1 0.3 0.7 1.7 2.3 3.1 1.2 1.2 3.3 2.2 0.3 0.2 0.5 0.2 0.4 0 1.2-1.1t1.2-1.1z m-4.5 11.9q2.8 0 5.4-1.1t4.5-3 3-4.5 1.1-5.4-1.1-5.5-3-4.5-4.5-2.9-5.4-1.2-5.5 1.2-4.5 2.9-2.9 4.5-1.2 5.5q0 4.5 2.7 8.2l-1.7 5.2 5.4-1.8q3.5 2.4 7.7 2.4z m0-30.9q3.4 0 6.5 1.4t5.4 3.6 3.5 5.3 1.4 6.6-1.4 6.5-3.5 5.3-5.4 3.6-6.5 1.4q-4.4 0-8.2-2.1l-9.3 3 3-9.1q-2.4-3.9-2.4-8.6 0-3.5 1.4-6.6t3.6-5.3 5.3-3.6 6.6-1.4z\"><\/path>\n  <\/g>\n<\/svg>\n\n<\/span><span class=\"color-icon\"><svg xmlns=\"http:\/\/www.w3.org\/2000\/svg\" width=\"35\" height=\"36\" viewBox=\"0 0 35 36\">\n  <path fill=\"#25D366\" d=\"M22,19.7 C22.2,19.7 22.9333333,20.0333333 24.2,20.7 C25.4666667,21.3666667 26.1333333,21.7666667 26.2,21.9 C26.2,21.9666667 26.2,22.0666667 26.2,22.2 C26.2,22.7333333 26.0666667,23.3 25.8,23.9 C25.6,24.5 25.0666667,25 24.2,25.4 C23.3333333,25.8 22.6,26 22,26 C21.1333333,26 19.7,25.5333333 17.7,24.6 C16.2333333,23.9333333 14.9666667,23.0666667 13.9,22 C12.8333333,20.9333333 11.7333333,19.5333333 10.6,17.8 C9.53333333,16.2666667 9,14.8333333 9,13.5 L9,13.3 C9.06666667,11.9666667 9.63333333,10.8 10.7,9.8 C11.0333333,9.46666667 11.4333333,9.3 11.9,9.3 C11.9666667,9.3 12.1,9.3 12.3,9.3 C12.5,9.3 12.6333333,9.33333333 12.7,9.4 C12.9666667,9.4 13.1666667,9.43333333 13.3,9.5 C13.4333333,9.56666667 13.5333333,9.76666667 13.6,10.1 C13.7333333,10.4333333 14,11.1 14.4,12.1 C14.8,13.1 14.9666667,13.6666667 14.9,13.8 C14.9,14.1333333 14.6333333,14.5666667 14.1,15.1 C13.5666667,15.6333333 13.3333333,15.9666667 13.4,16.1 C13.4,16.2333333 13.4333333,16.3333333 13.5,16.4 C13.9666667,17.5333333 14.7333333,18.5666667 15.8,19.5 C16.6,20.3 17.7,21.0333333 19.1,21.7 C19.3,21.8333333 19.4666667,21.9 19.6,21.9 C19.8666667,21.9 20.2666667,21.5333333 20.8,20.8 C21.3333333,20.0666667 21.7333333,19.7 22,19.7 Z M17.5,31.6 C19.3666667,31.6 21.1666667,31.2333333 22.9,30.5 C24.6333333,29.7666667 26.1333333,28.7666667 27.4,27.5 C28.6666667,26.2333333 29.6666667,24.7333333 30.4,23 C31.1333333,21.2666667 31.5,19.4666667 31.5,17.6 C31.5,15.7333333 31.1333333,13.9 30.4,12.1 C29.6666667,10.3 28.6666667,8.8 27.4,7.6 C26.1333333,6.4 24.6333333,5.43333333 22.9,4.7 C21.1666667,3.96666667 19.3666667,3.56666667 17.5,3.5 C15.6333333,3.43333333 13.8,3.83333333 12,4.7 C10.2,5.56666667 8.7,6.53333333 7.5,7.6 C6.3,8.66666667 5.33333333,10.1666667 4.6,12.1 C3.86666667,14.0333333 3.46666667,15.8666667 3.4,17.6 C3.4,20.6 4.3,23.3333333 6.1,25.8 L4.4,31 L9.8,29.2 C12.1333333,30.8 14.7,31.6 17.5,31.6 Z M17.5,0.7 C19.7666667,0.7 21.9333333,1.16666667 24,2.1 C26.0666667,3.03333333 27.8666667,4.23333333 29.4,5.7 C30.9333333,7.16666667 32.1,8.93333333 32.9,11 C33.7,13.0666667 34.1666667,15.2666667 34.3,17.6 C34.4333333,19.9333333 33.9666667,22.1 32.9,24.1 C31.8333333,26.1 30.6666667,27.8666667 29.4,29.4 C28.1333333,30.9333333 26.3333333,32.1333333 24,33 C21.6666667,33.8666667 19.5,34.3333333 17.5,34.4 C14.5666667,34.4 11.8333333,33.7 9.3,32.3 L0,35.3 L3,26.2 C1.4,23.6 0.6,20.7333333 0.6,17.6 C0.6,15.2666667 1.06666667,13.0666667 2,11 C2.93333333,8.93333333 4.13333333,7.16666667 5.6,5.7 C7.06666667,4.23333333 8.83333333,3.03333333 10.9,2.1 C12.9666667,1.16666667 15.1666667,0.7 17.5,0.7 Z\"\/>\n<\/svg>\n<\/span><div title=\"Whatsapp\" class=\"ssbp-text\">Whatsapp<\/div><\/a><\/li><li class='ssbp-li--twitter'><a data-site=\"twitter\" class=\"ssba_twitter_share ssba_share_link ssbp-twitter ssbp-btn\" href=\"https:\/\/twitter.com\/intent\/tweet?text=Minori&url=https:\/\/www.rapportoantigone.it\/ventesimo-rapporto-sulle-condizioni-di-detenzione\/wp-json\/wp\/v2\/posts\/7405&via=\"  target=_blank  style=\"color:#000000; background-color: #000000; height: 40px; width: 40px; \" ><span><svg width=\"25\" height=\"25\" viewBox=\"0 0 25 25\" fill=\"none\" xmlns=\"http:\/\/www.w3.org\/2000\/svg\">\n    <rect width=\"25\" height=\"25\" \/>\n    <path d=\"M14.4821 11.6218L21.0389 4H19.4852L13.7919 10.6179L9.24467 4H4L10.8763 14.0074L4 22H5.55385L11.5661 15.0113L16.3683 22H21.613L14.4821 11.6218ZM6.11371 5.16972H8.50031L19.4859 20.8835H17.0993L6.11371 5.16972Z\" fill=\"white\"\/>\n<\/svg>\n<\/span><span class=\"color-icon\"><svg width=\"25\" height=\"25\" viewBox=\"0 0 25 25\" fill=\"none\" xmlns=\"http:\/\/www.w3.org\/2000\/svg\">\n\t<rect width=\"25\" height=\"25\" \/>\n\t<path d=\"M14.4821 11.6218L21.0389 4H19.4852L13.7919 10.6179L9.24467 4H4L10.8763 14.0074L4 22H5.55385L11.5661 15.0113L16.3683 22H21.613L14.4821 11.6218ZM6.11371 5.16972H8.50031L19.4859 20.8835H17.0993L6.11371 5.16972Z\" fill=\"#000000\"\/>\n<\/svg>\n<\/span><div title=\"Twitter\" class=\"ssbp-text\">Twitter<\/div><\/a><\/li><li class='ssbp-li--linkedin'><a data-site=\"linkedin\" class=\"ssba_linkedin_share ssba_share_link ssbp-linkedin ssbp-btn\" href=\"https:\/\/www.linkedin.com\/shareArticle?title=Minori&url=https:\/\/www.rapportoantigone.it\/ventesimo-rapporto-sulle-condizioni-di-detenzione\/wp-json\/wp\/v2\/posts\/7405\"  target=_blank  style=\"color:#0077b5; background-color: #0077b5; height: 40px; width: 40px; \" ><span><svg xmlns=\"http:\/\/www.w3.org\/2000\/svg\" fill=\"#fff\" preserveAspectRatio=\"xMidYMid meet\" height=\"1em\" width=\"1em\" viewBox=\"0 0 40 40\">\n  <g>\n    <path d=\"m13.3 31.7h-5v-16.7h5v16.7z m18.4 0h-5v-8.9c0-2.4-0.9-3.5-2.5-3.5-1.3 0-2.1 0.6-2.5 1.9v10.5h-5s0-15 0-16.7h3.9l0.3 3.3h0.1c1-1.6 2.7-2.8 4.9-2.8 1.7 0 3.1 0.5 4.2 1.7 1 1.2 1.6 2.8 1.6 5.1v9.4z m-18.3-20.9c0 1.4-1.1 2.5-2.6 2.5s-2.5-1.1-2.5-2.5 1.1-2.5 2.5-2.5 2.6 1.2 2.6 2.5z\"><\/path>\n  <\/g>\n<\/svg>\n\n<\/span><span class=\"color-icon\"><svg xmlns=\"http:\/\/www.w3.org\/2000\/svg\" xmlns:xlink=\"http:\/\/www.w3.org\/1999\/xlink\" width=\"50px\" height=\"50px\" viewBox=\"0 0 50 50\" version=\"1.1\">\n<g id=\"surface97807\">\n<path style=\" stroke:none;fill-rule:nonzero;fill:rgb(0%,46.666667%,70.980392%);fill-opacity:1;\" d=\"M 8 3.007812 C 4.53125 3.007812 2.007812 5.089844 2.007812 7.949219 C 2.007812 10.820312 4.589844 12.988281 8 12.988281 C 11.46875 12.988281 13.988281 10.871094 13.988281 7.890625 C 13.832031 5.019531 11.359375 3.007812 8 3.007812 Z M 3 15 C 2.449219 15 2 15.449219 2 16 L 2 45 C 2 45.550781 2.449219 46 3 46 L 13 46 C 13.550781 46 14 45.550781 14 45 L 14 16 C 14 15.449219 13.550781 15 13 15 Z M 18 15 C 17.449219 15 17 15.449219 17 16 L 17 45 C 17 45.550781 17.449219 46 18 46 L 27 46 C 27.550781 46 28 45.550781 28 45 L 28 29.5 C 28 27.128906 29.820312 25.199219 32.140625 25.019531 C 32.261719 25 32.378906 25 32.5 25 C 32.621094 25 32.738281 25 32.859375 25.019531 C 35.179688 25.199219 37 27.128906 37 29.5 L 37 45 C 37 45.550781 37.449219 46 38 46 L 47 46 C 47.550781 46 48 45.550781 48 45 L 48 28 C 48 21.53125 44.527344 15 36.789062 15 C 33.269531 15 30.609375 16.359375 29 17.488281 L 29 16 C 29 15.449219 28.550781 15 28 15 Z M 18 15 \"\/>\n<\/g>\n<\/svg>\n<\/span><div title=\"Linkedin\" class=\"ssbp-text\">Linkedin<\/div><\/a><\/li><\/ul><\/div><\/div>\u00a0    [\/vc_column_text][\/vc_column][vc_column width=&#8221;3\/4&#8243;]<h4 class=\"grve-element grve-align-left grve-title-no-line grve-h4 titolo\" style=\"\"><span>Minori<\/span><\/h4>[vc_empty_space height=&#8221;5px&#8221;][\/vc_column][\/vc_row][vc_row][vc_column width=&#8221;1\/4&#8243;][vc_column_text el_class=&#8221;citazione&#8221;]Alla fine del febbraio 2024 erano 532 i giovani reclusi nei 17 Istituti Penali per Minorenni d\u2019Italia. Una cifra che sta rapidamente crescendo.[\/vc_column_text][\/vc_column][vc_column width=&#8221;3\/4&#8243;][vc_column_text]Alla fine del febbraio 2024 erano 532 i giovani reclusi nei 17 Istituti Penali per Minorenni d\u2019Italia. Una cifra che sta rapidamente crescendo. Solo due mesi prima, alla fine del 2023, si attestava sulle 496 unit\u00e0. Alla fine del 2022 le carceri minorili italiane ospitavano 381 ragazzi. L\u2019aumento, in un anno, \u00e8 stato superiore al 30%. Se alla fine del 2022 i minori e giovani adulti in carcere rappresentavano il 2,8% del totale dei ragazzi in carico ai servizi della giustizia minorile, oggi tale percentuale \u00e8 pari al 3,8%. Dopo il calo delle presenze dovuto alla pandemia da Covid-19, i numeri stanno rapidamente risalendo.[\/vc_column_text][vc_column_text]<\/p>\n<div class=\"flourish-embed flourish-chart\" data-src=\"visualisation\/17455743\"><script src=\"https:\/\/public.flourish.studio\/resources\/embed.js\"><\/script><\/div>\n<p>[\/vc_column_text][\/vc_column][\/vc_row][vc_row][vc_column width=&#8221;1\/4&#8243;][vc_column_text el_class=&#8221;citazione&#8221;]Negli ultimi dieci anni non si era mai raggiunto il numero di ingressi registrato nel 2023[\/vc_column_text][\/vc_column][vc_column width=&#8221;3\/4&#8243;][vc_column_text]Uno sguardo agli ingressi in Ipm ci mostra come negli ultimi dieci anni non si era mai raggiunto il numero di ingressi registrato nel 2023, pari a 1.143.[\/vc_column_text][vc_column_text]<\/p>\n<div class=\"flourish-embed flourish-chart\" data-src=\"visualisation\/17455795\"><script src=\"https:\/\/public.flourish.studio\/resources\/embed.js\"><\/script><\/div>\n<p>[\/vc_column_text][\/vc_column][\/vc_row][vc_row][vc_column width=&#8221;1\/4&#8243;][vc_column_text el_class=&#8221;citazione&#8221;]La nuova legge ha introdotto altre norme che vanno in senso contrario allo spirito di presa in carico educativa che era proprio del nostro ordinamento minorile[\/vc_column_text][\/vc_column][vc_column width=&#8221;3\/4&#8243;][vc_column_text]Continuando con questi ritmi si rischia di perdere quella specificit\u00e0 positiva del sistema della giustizia penale minorile nel nostro paese che lo aveva reso un modello per l\u2019intera Europa, ovvero la sua capacit\u00e0 di rendere residuale la risposta carceraria puntando piuttosto su un approccio di tipo educativo codificato nel codice di procedura penale minorile del 1988. Quel codice ha visto, con il decreto legge 123\/23 (cosiddetto Caivano, entrato in vigore nel settembre 2023 e convertito nella legge 159\/23), degli stravolgimenti normativi che hanno grandemente ampliato le possibilit\u00e0 di ricorso al carcere in fase cautelare. Insieme ad altre azioni che incidono sul penale sostanziale e alla riduzione delle possibilit\u00e0 di applicazione dell\u2019istituto della messa alla prova, che contribuiscono all\u2019espansione dei numeri della carcerazione in ambito minorile, la nuova legge ha introdotto altre norme che vanno in senso contrario allo spirito di presa in carico educativa che era proprio del nostro ordinamento minorile. Ad esempio la possibilit\u00e0 da parte dei direttori degli Ipm di far trasferire i ragazzi maggiorenni nelle carceri per adulti, interrompendo cos\u00ec preziose relazioni educative.[\/vc_column_text][vc_column_text]Dei 523 giovani detenuti alla fine di febbraio, 312 erano minorenni e 211 giovani adulti. Le ragazze erano solo 18, di cui 7 straniere. Gli stranieri in generale costituivano il 51% del totale. Il numero dei giovani detenuti varia dalle 63 presenze di Milano alle 8 di Quartucciu (Cagliari). Pontremoli \u00e8 il solo Ipm interamente femminile d\u2019Italia e ospita attualmente 13 ragazze. Solo 30 ragazzi, il 5,7% del totale, sono in carcere solo in espiazione di pena. Un altro 27% ha una posizione giuridica mista, con almeno una condanna definitiva e altri procedimenti a carico. La restante percentuale, di gran lunga la maggioranza, \u00e8 in carcere senza alcuna condanna passata in giudicato ma solo per custodia cautelare.[\/vc_column_text][\/vc_column][\/vc_row][vc_row][vc_column width=&#8221;1\/4&#8243;][vc_column_text el_class=&#8221;citazione&#8221;]Nel corso del 2023, il 79,3% degli ingressi in carcere si \u00e8 avuto per custodia cautelare.[\/vc_column_text][\/vc_column][vc_column width=&#8221;3\/4&#8243;][vc_column_text]Nel corso del 2023, il 79,3% degli ingressi in carcere si \u00e8 avuto per custodia cautelare. Ben oltre la met\u00e0 degli ingressi rimanenti (140 su 237) \u00e8 avvenuta per esecuzione pena dalla libert\u00e0. Si tratta dunque di persone per le quali non si era ravvisata la necessit\u00e0 del carcere in fase cautelare. Se non c\u2019era pericolo a lasciare libero il ragazzo prima del processo, probabilmente si sarebbero potuti individuare percorsi alternativi al carcere anche in fase di esecuzione penale. Un numero estremamente alto di ingressi &#8211; 318 nel corso dell\u2019anno, pari quasi al 27,8% degli ingressi totali &#8211; proviene dalle comunit\u00e0 per il cosiddetto \u2018aggravamento\u2019 della misura cautelare in seguito a comportamenti ritenuti inadeguati, una misura che rischia di vanificare percorsi importanti e che andrebbe sostituita da soluzioni improntate a un modello educativo.[\/vc_column_text][\/vc_column][\/vc_row][vc_row][vc_column width=&#8221;1\/4&#8243;][vc_column_text el_class=&#8221;citazione&#8221;]A prescindere dalla gravit\u00e0 del reato commesso, chi ha legami pi\u00f9 solidi sul territorio e pi\u00f9 opportunit\u00e0 di partenza ha anche maggiori possibilit\u00e0 di evitare la carcerazione.[\/vc_column_text][\/vc_column][vc_column width=&#8221;3\/4&#8243;][vc_column_text]Il dato relativo al tipo di delitti che portano i giovani in carcere mostra un problema del sistema che da anni andiamo denunciando. Nel corso del 2023, solo il 22,7% dei reati che hanno comportato la reclusione in carcere riguardava reati contro la persona, tendenzialmente la categoria pi\u00f9 grave. Ben il 55,2% riguardava invece reati contro il patrimonio, una categoria che comprende fattispecie meno gravi. Se tuttavia la detenzione deve realmente costituire una misura estrema, essa dovrebbe venire usata solamente per i reati pi\u00f9 seri. I reati contro la persona sono invece oltre il 30% dei reati ascritti ai ragazzi complessivamente in carico agli Uffici di servizio sociale per i minorenni, una percentuale parecchio superiore a quella relativa agli Ipm. La gravit\u00e0 del reato non pare essere quindi il solo parametro che decide chi far\u00e0 ingresso in carcere e chi no. Tra gli altri fattori c\u2019\u00e8 sicuramente quello della maggiore facilit\u00e0 a individuare percorsi alternativi per coloro che a monte sono gi\u00e0 maggiormente garantiti. A prescindere dalla gravit\u00e0 del reato commesso, chi ha legami pi\u00f9 solidi sul territorio e pi\u00f9 opportunit\u00e0 di partenza ha anche maggiori possibilit\u00e0 di evitare la carcerazione.[\/vc_column_text][\/vc_column][\/vc_row][vc_row][vc_column width=&#8221;1\/4&#8243;][vc_column_text el_class=&#8221;citazione&#8221;]Pi\u00f9 la misura \u00e8 contenitiva e pi\u00f9 i ragazzi stranieri sono percentualmente rappresentati[\/vc_column_text][\/vc_column][vc_column width=&#8221;3\/4&#8243;][vc_column_text]Uno sguardo alla situazione dei ragazzi stranieri ci fornisce una dimostrazione di ci\u00f2, data la loro maggiore difficolt\u00e0 ad accedere ad alternative al carcere rispetto ai ragazzi italiani. Nel 2023, infatti, essi hanno rappresentato il 29,2% dei ragazzi complessivamente avuti in carico dai servizi della giustizia minorile, il 38,7% dei collocamenti in comunit\u00e0, il 48,7% degli ingressi in carcere. Pi\u00f9 la misura \u00e8 contenitiva e pi\u00f9 i ragazzi stranieri sono percentualmente rappresentati, fino ad arrivare a quasi la met\u00e0 degli ingressi e a oltre la met\u00e0 delle presenze per quanto concerne la reclusione in carcere.[\/vc_column_text][vc_column_text]Uno sguardo ai dati relativi ai venti Centri di Prima Accoglienza (le strutture che ospitano i minori essenzialmente in stato di arresto fino all\u2019udienza di convalida da tenersi entro le 96 ore) mostra in maniera plastica tale concetto. Nel 2023 il 47,8% degli ingressi in Cpa ha riguardato ragazzi stranieri. Per quanto concerne le uscite, che vedono quasi sempre l\u2019applicazione di una misura cautelare, gli stranieri hanno rappresentato il 30,6% delle prescrizioni e il 25,6% delle permanenze in casa, mentre hanno pesato per il 41,3% sui collocamenti in comunit\u00e0 e addirittura per il 66,7% sulle custodie cautelari in carcere. Come dicevamo, a mano a mano che la misura si fa pi\u00f9 contenitiva cresce la rappresentazione dei ragazzi stranieri.[\/vc_column_text][\/vc_column][\/vc_row][vc_row][vc_column width=&#8221;1\/4&#8243;][vc_column_text el_class=&#8221;citazione&#8221;]Il 73,2% dei ragazzi stranieri entrati in Ipm nel corso del 2023 proveniva dal Nord Africa[\/vc_column_text][\/vc_column][vc_column width=&#8221;3\/4&#8243;][vc_column_text]Il 73,2% dei ragazzi stranieri entrati in Ipm nel corso del 2023 proveniva dal Nord Africa, sostanzialmente Tunisia (133), Marocco (118), Egitto (113), Algeria (40). Il 19,6% proveniva da paesi europei. Girando per gli Ipm, capita di incontrare ragazzi accusati di favoreggiamento dell\u2019immigrazione clandestina, come fossero scafisti. Parlando con gli operatori che ne conoscono da vicino la vicenda, \u00e8 evidente come essi siano invece assolutamente vittime del traffico, minorenni che affrontano spesso il viaggio da soli e che i veri scafisti utilizzano per effettuare piccoli servizi a bordo delle imbarcazioni.[\/vc_column_text][vc_column_text]Per quanto riguarda le comunit\u00e0, nel 2023 i collocamenti in ambito penale sono stati 1.621, la grande maggioranza dei quali &#8211; in linea con quanto accaduto negli ultimi anni &#8211; dovuti a misure cautelari.[\/vc_column_text][vc_column_text]<\/p>\n<div class=\"flourish-embed flourish-chart\" data-src=\"visualisation\/17455835\"><script src=\"https:\/\/public.flourish.studio\/resources\/embed.js\"><\/script><\/div>\n<p>[\/vc_column_text][\/vc_column][\/vc_row][vc_row][vc_column width=&#8221;1\/4&#8243;][vc_column_text el_class=&#8221;citazione&#8221;]La rete delle comunit\u00e0 costituisce un attore fondamentale del sistema della giustizia minorile. Essa tuttavia presenta alcune criticit\u00e0[\/vc_column_text][\/vc_column][vc_column width=&#8221;3\/4&#8243;][vc_column_text]La rete delle comunit\u00e0 costituisce un attore fondamentale del sistema della giustizia minorile. Essa tuttavia presenta alcune criticit\u00e0. Le comunit\u00e0 sono quasi tutte private e accreditate dal Ministero della Giustizia a svolgere il loro ruolo. Le strutture pi\u00f9 articolate e qualitativamente migliori &#8211; che possono contare anche su altri soggetti finanziatori oltre quello pubblico, essendo il contributo ministeriale spesso insufficiente &#8211; tendono ad accettare soprattutto ragazzi provenienti dall\u2019area civile, effettuando una selezione pi\u00f9 stringente dei ragazzi provenienti dal penale, che rischiano con pi\u00f9 facilit\u00e0 di ritrovarsi in comunit\u00e0 qualitativamente inferiori. Ci\u00f2 accade in particolare con i minori stranieri non accompagnati, che sono fortemente cresciuti nei numeri e che hanno bisogno di un sostegno pi\u00f9 impegnativo.[\/vc_column_text][\/vc_column][\/vc_row][vc_row][vc_column width=&#8221;1\/4&#8243;][vc_column_text el_class=&#8221;citazione&#8221;]Da segnalare inoltre l\u2019uso eccessivo di psicofarmaci nelle carceri minorili.[\/vc_column_text][vc_column_text el_class=&#8221;citazione&#8221;]Spesso accade anche che il ragazzo entra in carcere con un unico reato ascritto e nel giro di poco tempo ne colleziona molti altri.[\/vc_column_text][\/vc_column][vc_column width=&#8221;3\/4&#8243;][vc_column_text]Tornando alle carceri, la nostra osservazione diretta ci mostra come la sanzione dell\u2019isolamento disciplinare continui a essere applicata, bench\u00e9 sia priva di contenuto educativo e nonostante il Dipartimento abbia sostenuto in passato che essa non viene utilizzata nel sistema minorile. Da segnalare inoltre l\u2019uso eccessivo di psicofarmaci nelle carceri minorili. La spesa pro capite in particolare degli antipsicotici, che dovrebbero venire prescritti per patologie molto serie quali il disturbo bipolare o la schizofrenia, \u00e8 aumentata in media del 30% tra il 2021 e il 2022, ultimo dato disponibile. Gli psicofarmaci vengono troppo spesso utilizzati come strumento di gestione &#8211; e di neutralizzazione &#8211; dei ragazzi con problemi di disagio sociale e comportamentale. Attraverso le nostre visite agli Ipm, abbiamo inoltre potuto constatare come questi ragazzi vengano spesso trasferiti da un carcere all\u2019altro, specialmente dal nord verso il sud, cos\u00ec da mandare altrove il problema quando la gestione di un giovane diventa difficoltosa. Spesso accade anche che il ragazzo entra in carcere con un unico reato ascritto e nel giro di poco tempo ne colleziona molti altri. Le difficolt\u00e0 comportamentali che spesso questi giovani dal difficile vissuto presentano fanno s\u00ec che manifestazioni di disagio si trasformino in accuse di resistenza a pubblico ufficiale, danneggiamento, rissa, in un circolo vizioso che rende molto difficile il recupero del ragazzo alla societ\u00e0.[\/vc_column_text][\/vc_column][\/vc_row]<\/p>\n","protected":false},"excerpt":{"rendered":"<p>[vc_row][vc_column width=&#8221;1\/4&#8243;][vc_column_text]\u00a0[\/vc_column_text][\/vc_column][vc_column width=&#8221;3\/4&#8243;][vc_empty_space height=&#8221;5px&#8221;][\/vc_column][\/vc_row][vc_row][vc_column width=&#8221;1\/4&#8243;][vc_column_text el_class=&#8221;citazione&#8221;]Alla fine del febbraio 2024 erano 532 i giovani reclusi nei 17 Istituti Penali per Minorenni d\u2019Italia. Una cifra che sta rapidamente crescendo.[\/vc_column_text][\/vc_column][vc_column width=&#8221;3\/4&#8243;][vc_column_text]Alla fine del febbraio 2024 erano 532 i giovani reclusi nei 17 Istituti Penali per Minorenni d\u2019Italia. Una cifra che sta rapidamente crescendo. Solo due mesi prima, [&hellip;]<\/p>\n","protected":false},"author":8,"featured_media":7372,"comment_status":"open","ping_status":"open","sticky":false,"template":"","format":"standard","meta":{"_acf_changed":false,"om_disable_all_campaigns":false,"_monsterinsights_skip_tracking":false,"_monsterinsights_sitenote_active":false,"_monsterinsights_sitenote_note":"","_monsterinsights_sitenote_category":0,"footnotes":""},"categories":[8],"tags":[],"acf":[],"_links":{"self":[{"href":"https:\/\/www.rapportoantigone.it\/ventesimo-rapporto-sulle-condizioni-di-detenzione\/wp-json\/wp\/v2\/posts\/7405"}],"collection":[{"href":"https:\/\/www.rapportoantigone.it\/ventesimo-rapporto-sulle-condizioni-di-detenzione\/wp-json\/wp\/v2\/posts"}],"about":[{"href":"https:\/\/www.rapportoantigone.it\/ventesimo-rapporto-sulle-condizioni-di-detenzione\/wp-json\/wp\/v2\/types\/post"}],"author":[{"embeddable":true,"href":"https:\/\/www.rapportoantigone.it\/ventesimo-rapporto-sulle-condizioni-di-detenzione\/wp-json\/wp\/v2\/users\/8"}],"replies":[{"embeddable":true,"href":"https:\/\/www.rapportoantigone.it\/ventesimo-rapporto-sulle-condizioni-di-detenzione\/wp-json\/wp\/v2\/comments?post=7405"}],"version-history":[{"count":5,"href":"https:\/\/www.rapportoantigone.it\/ventesimo-rapporto-sulle-condizioni-di-detenzione\/wp-json\/wp\/v2\/posts\/7405\/revisions"}],"predecessor-version":[{"id":7440,"href":"https:\/\/www.rapportoantigone.it\/ventesimo-rapporto-sulle-condizioni-di-detenzione\/wp-json\/wp\/v2\/posts\/7405\/revisions\/7440"}],"wp:featuredmedia":[{"embeddable":true,"href":"https:\/\/www.rapportoantigone.it\/ventesimo-rapporto-sulle-condizioni-di-detenzione\/wp-json\/wp\/v2\/media\/7372"}],"wp:attachment":[{"href":"https:\/\/www.rapportoantigone.it\/ventesimo-rapporto-sulle-condizioni-di-detenzione\/wp-json\/wp\/v2\/media?parent=7405"}],"wp:term":[{"taxonomy":"category","embeddable":true,"href":"https:\/\/www.rapportoantigone.it\/ventesimo-rapporto-sulle-condizioni-di-detenzione\/wp-json\/wp\/v2\/categories?post=7405"},{"taxonomy":"post_tag","embeddable":true,"href":"https:\/\/www.rapportoantigone.it\/ventesimo-rapporto-sulle-condizioni-di-detenzione\/wp-json\/wp\/v2\/tags?post=7405"}],"curies":[{"name":"wp","href":"https:\/\/api.w.org\/{rel}","templated":true}]}}