{"id":7448,"date":"2024-04-12T16:06:55","date_gmt":"2024-04-12T14:06:55","guid":{"rendered":"https:\/\/www.rapportoantigone.it\/ventesimo-rapporto-sulle-condizioni-di-detenzione\/misure-alternative-e-di-comunita-2\/"},"modified":"2024-04-19T15:28:31","modified_gmt":"2024-04-19T13:28:31","slug":"41-bis-e-alta-sicurezza","status":"publish","type":"post","link":"https:\/\/www.rapportoantigone.it\/ventesimo-rapporto-sulle-condizioni-di-detenzione\/41-bis-e-alta-sicurezza\/","title":{"rendered":"41 bis e Alta sicurezza"},"content":{"rendered":"<p>[vc_row][vc_column width=&#8221;1\/4&#8243;][vc_column_text]<!-- Simple Share Buttons Adder (8.5.4) simplesharebuttons.com --><div class=\"ssba-modern-2 ssba ssbp-wrap aligncenter ssbp--theme-1\"><div style=\"text-align:center\"><span class=\"ssba-share-text\">Share this...<\/span><br\/><ul class=\"ssbp-list\"><li class='ssbp-li--facebook'><a data-site=\"facebook\" class=\"ssba_facebook_share ssba_share_link ssbp-facebook ssbp-btn\" href=\"https:\/\/www.facebook.com\/sharer.php?t=41 bis e Alta sicurezza&u=https:\/\/www.rapportoantigone.it\/ventesimo-rapporto-sulle-condizioni-di-detenzione\/wp-json\/wp\/v2\/posts\/7448\"  target=_blank  style=\"color:#4267B2; background-color: #4267B2; height: 40px; width: 40px; \" ><span><svg xmlns=\"http:\/\/www.w3.org\/2000\/svg\" fill=\"#fff\" preserveAspectRatio=\"xMidYMid meet\" height=\"1em\" width=\"1em\" viewBox=\"0 0 40 40\">\n  <g>\n    <path d=\"m21.7 16.7h5v5h-5v11.6h-5v-11.6h-5v-5h5v-2.1c0-2 0.6-4.5 1.8-5.9 1.3-1.3 2.8-2 4.7-2h3.5v5h-3.5c-0.9 0-1.5 0.6-1.5 1.5v3.5z\"><\/path>\n  <\/g>\n<\/svg>\n\n<\/span><span class=\"color-icon\"><svg xmlns=\"http:\/\/www.w3.org\/2000\/svg\" width=\"16\" height=\"28\" viewBox=\"0 0 16 28\">\n  <path fill=\"#3B5998\" d=\"M10.7,10.7 L15.7,10.7 L15.7,15.7 L10.7,15.7 L10.7,27.3 L5.7,27.3 L5.7,15.7 L0.7,15.7 L0.7,10.7 L5.7,10.7 L5.7,8.6 C5.7,6.6 6.3,4.1 7.5,2.7 C8.8,1.4 10.3,0.7 12.2,0.7 L15.7,0.7 L15.7,5.7 L12.2,5.7 C11.3,5.7 10.7,6.3 10.7,7.2 L10.7,10.7 Z\"\/>\n<\/svg>\n<\/span><div title=\"Facebook\" class=\"ssbp-text\">Facebook<\/div><\/a><\/li><li class='ssbp-li--whatsapp'><a data-site=\"whatsapp\" class=\"ssba_whatsapp_share ssba_share_link ssbp-whatsapp ssbp-btn\" href=\"https:\/\/web.whatsapp.com\/send?text=https:\/\/www.rapportoantigone.it\/ventesimo-rapporto-sulle-condizioni-di-detenzione\/wp-json\/wp\/v2\/posts\/7448\"  target=_blank  style=\"color:#25d366; background-color: #25d366; height: 40px; width: 40px; \" ><span><svg xmlns=\"http:\/\/www.w3.org\/2000\/svg\" fill=\"#fff\" preserveAspectRatio=\"xMidYMid meet\" height=\"1em\" width=\"1em\" viewBox=\"0 0 40 40\">\n  <g>\n    <path d=\"m25 21.7q0.3 0 2.2 1t2 1.2q0 0.1 0 0.3 0 0.8-0.4 1.7-0.3 0.9-1.6 1.5t-2.2 0.6q-1.3 0-4.3-1.4-2.2-1-3.8-2.6t-3.3-4.2q-1.6-2.3-1.6-4.3v-0.2q0.1-2 1.7-3.5 0.5-0.5 1.2-0.5 0.1 0 0.4 0t0.4 0.1q0.4 0 0.6 0.1t0.3 0.6q0.2 0.5 0.8 2t0.5 1.7q0 0.5-0.8 1.3t-0.7 1q0 0.2 0.1 0.3 0.7 1.7 2.3 3.1 1.2 1.2 3.3 2.2 0.3 0.2 0.5 0.2 0.4 0 1.2-1.1t1.2-1.1z m-4.5 11.9q2.8 0 5.4-1.1t4.5-3 3-4.5 1.1-5.4-1.1-5.5-3-4.5-4.5-2.9-5.4-1.2-5.5 1.2-4.5 2.9-2.9 4.5-1.2 5.5q0 4.5 2.7 8.2l-1.7 5.2 5.4-1.8q3.5 2.4 7.7 2.4z m0-30.9q3.4 0 6.5 1.4t5.4 3.6 3.5 5.3 1.4 6.6-1.4 6.5-3.5 5.3-5.4 3.6-6.5 1.4q-4.4 0-8.2-2.1l-9.3 3 3-9.1q-2.4-3.9-2.4-8.6 0-3.5 1.4-6.6t3.6-5.3 5.3-3.6 6.6-1.4z\"><\/path>\n  <\/g>\n<\/svg>\n\n<\/span><span class=\"color-icon\"><svg xmlns=\"http:\/\/www.w3.org\/2000\/svg\" width=\"35\" height=\"36\" viewBox=\"0 0 35 36\">\n  <path fill=\"#25D366\" d=\"M22,19.7 C22.2,19.7 22.9333333,20.0333333 24.2,20.7 C25.4666667,21.3666667 26.1333333,21.7666667 26.2,21.9 C26.2,21.9666667 26.2,22.0666667 26.2,22.2 C26.2,22.7333333 26.0666667,23.3 25.8,23.9 C25.6,24.5 25.0666667,25 24.2,25.4 C23.3333333,25.8 22.6,26 22,26 C21.1333333,26 19.7,25.5333333 17.7,24.6 C16.2333333,23.9333333 14.9666667,23.0666667 13.9,22 C12.8333333,20.9333333 11.7333333,19.5333333 10.6,17.8 C9.53333333,16.2666667 9,14.8333333 9,13.5 L9,13.3 C9.06666667,11.9666667 9.63333333,10.8 10.7,9.8 C11.0333333,9.46666667 11.4333333,9.3 11.9,9.3 C11.9666667,9.3 12.1,9.3 12.3,9.3 C12.5,9.3 12.6333333,9.33333333 12.7,9.4 C12.9666667,9.4 13.1666667,9.43333333 13.3,9.5 C13.4333333,9.56666667 13.5333333,9.76666667 13.6,10.1 C13.7333333,10.4333333 14,11.1 14.4,12.1 C14.8,13.1 14.9666667,13.6666667 14.9,13.8 C14.9,14.1333333 14.6333333,14.5666667 14.1,15.1 C13.5666667,15.6333333 13.3333333,15.9666667 13.4,16.1 C13.4,16.2333333 13.4333333,16.3333333 13.5,16.4 C13.9666667,17.5333333 14.7333333,18.5666667 15.8,19.5 C16.6,20.3 17.7,21.0333333 19.1,21.7 C19.3,21.8333333 19.4666667,21.9 19.6,21.9 C19.8666667,21.9 20.2666667,21.5333333 20.8,20.8 C21.3333333,20.0666667 21.7333333,19.7 22,19.7 Z M17.5,31.6 C19.3666667,31.6 21.1666667,31.2333333 22.9,30.5 C24.6333333,29.7666667 26.1333333,28.7666667 27.4,27.5 C28.6666667,26.2333333 29.6666667,24.7333333 30.4,23 C31.1333333,21.2666667 31.5,19.4666667 31.5,17.6 C31.5,15.7333333 31.1333333,13.9 30.4,12.1 C29.6666667,10.3 28.6666667,8.8 27.4,7.6 C26.1333333,6.4 24.6333333,5.43333333 22.9,4.7 C21.1666667,3.96666667 19.3666667,3.56666667 17.5,3.5 C15.6333333,3.43333333 13.8,3.83333333 12,4.7 C10.2,5.56666667 8.7,6.53333333 7.5,7.6 C6.3,8.66666667 5.33333333,10.1666667 4.6,12.1 C3.86666667,14.0333333 3.46666667,15.8666667 3.4,17.6 C3.4,20.6 4.3,23.3333333 6.1,25.8 L4.4,31 L9.8,29.2 C12.1333333,30.8 14.7,31.6 17.5,31.6 Z M17.5,0.7 C19.7666667,0.7 21.9333333,1.16666667 24,2.1 C26.0666667,3.03333333 27.8666667,4.23333333 29.4,5.7 C30.9333333,7.16666667 32.1,8.93333333 32.9,11 C33.7,13.0666667 34.1666667,15.2666667 34.3,17.6 C34.4333333,19.9333333 33.9666667,22.1 32.9,24.1 C31.8333333,26.1 30.6666667,27.8666667 29.4,29.4 C28.1333333,30.9333333 26.3333333,32.1333333 24,33 C21.6666667,33.8666667 19.5,34.3333333 17.5,34.4 C14.5666667,34.4 11.8333333,33.7 9.3,32.3 L0,35.3 L3,26.2 C1.4,23.6 0.6,20.7333333 0.6,17.6 C0.6,15.2666667 1.06666667,13.0666667 2,11 C2.93333333,8.93333333 4.13333333,7.16666667 5.6,5.7 C7.06666667,4.23333333 8.83333333,3.03333333 10.9,2.1 C12.9666667,1.16666667 15.1666667,0.7 17.5,0.7 Z\"\/>\n<\/svg>\n<\/span><div title=\"Whatsapp\" class=\"ssbp-text\">Whatsapp<\/div><\/a><\/li><li class='ssbp-li--twitter'><a data-site=\"twitter\" class=\"ssba_twitter_share ssba_share_link ssbp-twitter ssbp-btn\" href=\"https:\/\/twitter.com\/intent\/tweet?text=41 bis e Alta sicurezza&url=https:\/\/www.rapportoantigone.it\/ventesimo-rapporto-sulle-condizioni-di-detenzione\/wp-json\/wp\/v2\/posts\/7448&via=\"  target=_blank  style=\"color:#000000; background-color: #000000; height: 40px; width: 40px; \" ><span><svg width=\"25\" height=\"25\" viewBox=\"0 0 25 25\" fill=\"none\" xmlns=\"http:\/\/www.w3.org\/2000\/svg\">\n    <rect width=\"25\" height=\"25\" \/>\n    <path d=\"M14.4821 11.6218L21.0389 4H19.4852L13.7919 10.6179L9.24467 4H4L10.8763 14.0074L4 22H5.55385L11.5661 15.0113L16.3683 22H21.613L14.4821 11.6218ZM6.11371 5.16972H8.50031L19.4859 20.8835H17.0993L6.11371 5.16972Z\" fill=\"white\"\/>\n<\/svg>\n<\/span><span class=\"color-icon\"><svg width=\"25\" height=\"25\" viewBox=\"0 0 25 25\" fill=\"none\" xmlns=\"http:\/\/www.w3.org\/2000\/svg\">\n\t<rect width=\"25\" height=\"25\" \/>\n\t<path d=\"M14.4821 11.6218L21.0389 4H19.4852L13.7919 10.6179L9.24467 4H4L10.8763 14.0074L4 22H5.55385L11.5661 15.0113L16.3683 22H21.613L14.4821 11.6218ZM6.11371 5.16972H8.50031L19.4859 20.8835H17.0993L6.11371 5.16972Z\" fill=\"#000000\"\/>\n<\/svg>\n<\/span><div title=\"Twitter\" class=\"ssbp-text\">Twitter<\/div><\/a><\/li><li class='ssbp-li--linkedin'><a data-site=\"linkedin\" class=\"ssba_linkedin_share ssba_share_link ssbp-linkedin ssbp-btn\" href=\"https:\/\/www.linkedin.com\/shareArticle?title=41 bis e Alta sicurezza&url=https:\/\/www.rapportoantigone.it\/ventesimo-rapporto-sulle-condizioni-di-detenzione\/wp-json\/wp\/v2\/posts\/7448\"  target=_blank  style=\"color:#0077b5; background-color: #0077b5; height: 40px; width: 40px; \" ><span><svg xmlns=\"http:\/\/www.w3.org\/2000\/svg\" fill=\"#fff\" preserveAspectRatio=\"xMidYMid meet\" height=\"1em\" width=\"1em\" viewBox=\"0 0 40 40\">\n  <g>\n    <path d=\"m13.3 31.7h-5v-16.7h5v16.7z m18.4 0h-5v-8.9c0-2.4-0.9-3.5-2.5-3.5-1.3 0-2.1 0.6-2.5 1.9v10.5h-5s0-15 0-16.7h3.9l0.3 3.3h0.1c1-1.6 2.7-2.8 4.9-2.8 1.7 0 3.1 0.5 4.2 1.7 1 1.2 1.6 2.8 1.6 5.1v9.4z m-18.3-20.9c0 1.4-1.1 2.5-2.6 2.5s-2.5-1.1-2.5-2.5 1.1-2.5 2.5-2.5 2.6 1.2 2.6 2.5z\"><\/path>\n  <\/g>\n<\/svg>\n\n<\/span><span class=\"color-icon\"><svg xmlns=\"http:\/\/www.w3.org\/2000\/svg\" xmlns:xlink=\"http:\/\/www.w3.org\/1999\/xlink\" width=\"50px\" height=\"50px\" viewBox=\"0 0 50 50\" version=\"1.1\">\n<g id=\"surface97807\">\n<path style=\" stroke:none;fill-rule:nonzero;fill:rgb(0%,46.666667%,70.980392%);fill-opacity:1;\" d=\"M 8 3.007812 C 4.53125 3.007812 2.007812 5.089844 2.007812 7.949219 C 2.007812 10.820312 4.589844 12.988281 8 12.988281 C 11.46875 12.988281 13.988281 10.871094 13.988281 7.890625 C 13.832031 5.019531 11.359375 3.007812 8 3.007812 Z M 3 15 C 2.449219 15 2 15.449219 2 16 L 2 45 C 2 45.550781 2.449219 46 3 46 L 13 46 C 13.550781 46 14 45.550781 14 45 L 14 16 C 14 15.449219 13.550781 15 13 15 Z M 18 15 C 17.449219 15 17 15.449219 17 16 L 17 45 C 17 45.550781 17.449219 46 18 46 L 27 46 C 27.550781 46 28 45.550781 28 45 L 28 29.5 C 28 27.128906 29.820312 25.199219 32.140625 25.019531 C 32.261719 25 32.378906 25 32.5 25 C 32.621094 25 32.738281 25 32.859375 25.019531 C 35.179688 25.199219 37 27.128906 37 29.5 L 37 45 C 37 45.550781 37.449219 46 38 46 L 47 46 C 47.550781 46 48 45.550781 48 45 L 48 28 C 48 21.53125 44.527344 15 36.789062 15 C 33.269531 15 30.609375 16.359375 29 17.488281 L 29 16 C 29 15.449219 28.550781 15 28 15 Z M 18 15 \"\/>\n<\/g>\n<\/svg>\n<\/span><div title=\"Linkedin\" class=\"ssbp-text\">Linkedin<\/div><\/a><\/li><\/ul><\/div><\/div>\u00a0    [\/vc_column_text][\/vc_column][vc_column width=&#8221;3\/4&#8243;]<h4 class=\"grve-element grve-align-left grve-title-no-line grve-h4 titolo\" style=\"\"><span>41-bis e Alta sicurezza<\/span><\/h4>[vc_empty_space height=&#8221;5px&#8221;][\/vc_column][\/vc_row][vc_row][vc_column width=&#8221;1\/4&#8243;][vc_column_text el_class=&#8221;citazione&#8221;]Dopo l\u2019acceso dibattito scaturito dal caso Cospito, il regime del 41-bis sembra essere tornato nella sua tradizionale collocazione, una collocazione nell\u2019ombra, e con esso anche la situazione delle persone detenute destinatarie del regime speciale.[\/vc_column_text][\/vc_column][vc_column width=&#8221;3\/4&#8243;][vc_column_text]Dopo l\u2019acceso dibattito scaturito dal caso Cospito, il regime del 41-bis sembra essere tornato nella sua tradizionale collocazione, una collocazione nell\u2019ombra, e con esso anche la situazione delle persone detenute destinatarie del regime speciale. Tale specialit\u00e0 deriva da molteplici ragioni; in primo luogo, dal fatto che, per soddisfare le esigenze di ordine e sicurezza &#8211; sia dell\u2019istituzione, ma anche della societ\u00e0 tutta &#8211; per i detenuti in regime 41-bis \u00e8 possibile sospendere le regole del trattamento ordinario, con l\u2019obiettivo precipuo di impedire i collegamenti interni ed esterni con la criminalit\u00e0 organizzata. L\u2019applicazione del regime avviene tramite decreto motivato del Ministero della Giustizia e inizialmente ha una durata di quattro anni, mentre i rinnovi che intervengono successivamente hanno una durata di due anni. I detenuti che possono essere sottoposti al 41-bis sono i soggetti condannati o imputati per ciascuno dei delitti di cui al primo periodo del comma 1 dell&#8217;articolo 4-bis della Legge sull&#8217;Ordinamento Penitenziario (per esempio reati commessi con finalit\u00e0 di terrorismo, anche internazionale, o di sovvertimento dell&#8217;ordine democratico per mezzo di atti di violenza) o, in ogni caso, per un crimine che sia stato commesso al fine di favorire l&#8217;associazione di tipo mafioso e che sia collegabile con un&#8217;associazione criminale, eversiva o terroristica. Ci\u00f2 nonostante \u00e8 bene chiarire che l\u2019applicazione del 41-bis non si fonda solamente sul titolo di reato, bens\u00ec sulla valutazione dell\u2019effettivo pericolo di permanenza dei collegamenti con l\u2019organizzazione criminale.[\/vc_column_text][vc_column_text]La specialit\u00e0 del regime si evince anche dall\u2019articolata cornice normativa che si \u00e8 andata sempre pi\u00f9 intrecciando nel corso degli anni. L\u2019ultimo intervento propriamente normativo risale a quindici anni fa, con la Legge 15 luglio del 2009 n. 94, la quale ha dettato la configurazione vigente del regime speciale. Gli interventi legislativi sono sempre stati accompagnati sia da pronunce della Corte Costituzionale, che hanno inciso profondamente nella configurazione del 41-bis per far s\u00ec che rientrasse all\u2019interno dei parametri di costituzionalit\u00e0, ma anche da una serie di circolari amministrative emanate dall\u2019Amministrazione penitenziaria e financo da specifiche disposizioni adottate dai singoli direttori di istituto. L\u2019ultima circolare, la n. 3676\/6126, che attualmente detta la linea circa le caratteristiche della vita detentiva in 41-bis, fu emanata nell\u2019ottobre del 2017. Questo atto di carattere amministrativo si sostanzia in indicazioni specifiche che mirano a regolare ossessivamente tutti gli aspetti della vita quotidiana, provocando quella che potremmo definire una \u201cburocratizzazione dei diritti\u201d delle persone recluse nelle sezioni dedicate al 41-bis. [\/vc_column_text][\/vc_column][\/vc_row][vc_row][vc_column width=&#8221;1\/4&#8243;][vc_column_text el_class=&#8221;citazione&#8221;]A ciascun detenuto in 41-bis viene assegnata una cella singola, nella quale trascorre circa 21 o 22 ore al giorno. Inoltre, ogni detenuto viene inserito in un gruppo di socialit\u00e0 composto da un totale di quattro detenuti, che saranno gli unici detenuti con cui potr\u00e0 interagire[\/vc_column_text][\/vc_column][vc_column width=&#8221;3\/4&#8243;][vc_column_text]In virt\u00f9 del principio di separazione, volto a garantire le finalit\u00e0 di ordine e sicurezza, a ciascun detenuto in 41-bis viene assegnata una cella singola, nella quale trascorre circa 21 o 22 ore al giorno. Inoltre, ogni detenuto viene inserito in un gruppo di socialit\u00e0 composto da un totale di quattro detenuti, che saranno gli unici detenuti con cui potr\u00e0 interagire, all\u2019interno delle cosiddette \u201csale della socialit\u00e0\u201d.<span class=\"footnote_referrer\"><a role=\"button\" tabindex=\"0\" onclick=\"footnote_moveToReference_7448_1('footnote_plugin_reference_7448_1_1');\" onkeypress=\"footnote_moveToReference_7448_1('footnote_plugin_reference_7448_1_1');\" ><sup id=\"footnote_plugin_tooltip_7448_1_1\" class=\"footnote_plugin_tooltip_text\">1)<\/sup><\/a><span id=\"footnote_plugin_tooltip_text_7448_1_1\" class=\"footnote_tooltip\"><\/span><\/span> La scelta dei detenuti da inserire nel gruppo viene effettuata dal direttore dell\u2019istituto che, secondo quanto indicato dalla circolare del 2017, dovr\u00e0 fare in modo di impedire gli incontri tra i vertici delle stesse famiglie, di gruppi alleati, o gruppi contrapposti o i contatti tra personaggi di spicco. Ma la specialit\u00e0 che connota il 41-bis va oltre; sono infatti previste anche delle \u201cAree riservate\u201d pensate per coloro che ricoprono posizioni apicali all\u2019interno delle organizzazioni mafiose. Costoro non sono ammessi ai gruppi di socialit\u00e0 a quattro, bens\u00ec per loro la vita si declina in un modello a due, all\u2019interno del quale, paradossalmente, un detenuto \u00e8 inserito nell\u2019area riservata per fungere da \u201cdama di compagnia\u201d dell\u2019altro. Secondo quanto riportato dal Garante Nazionale, in data 27 febbraio 2023 erano 35 le persone assegnate alle aree riservate e la modalit\u00e0 a due era stata riscontrata negli istituti di Novara, Parma e Milano-Opera.[\/vc_column_text][vc_column_text]Altri fattori di specialit\u00e0 si rinvengono nel fatto che le sezioni 41-bis sono gestite da un personale penitenziario ad hoc, il Gruppo operativo mobile (GOM), che si occupa specificatamente di una serie di attivit\u00e0 quotidiane di controllo e vigilanza quali l\u2019accertamento numerico dei detenuti in 41-bis, la verifica delle inferriate, il controllo delle camere di pernottamento e la realizzazione delle perquisizioni.[\/vc_column_text][\/vc_column][\/vc_row][vc_row][vc_column width=&#8221;1\/4&#8243;][vc_column_text el_class=&#8221;citazione&#8221;]Ancora pi\u00f9 incomprensibile appare il divieto di affissione ai muri della cella di qualsiasi cosa, ad eccezione di una singola fotografia famigliare[\/vc_column_text][\/vc_column][vc_column width=&#8221;3\/4&#8243;][vc_column_text]L\u2019amministrativizzazione (soprattutto attraverso la circolare 3676\/6126 del 2017) della vita all\u2019interno delle sezioni dedicate al 41-bis raggiunge livelli di esasperazione difficili da comprendere, sia perch\u00e9 non coerenti con la giurisprudenza costituzionale in materia, sia perch\u00e9 superflui rispetto all\u2019unico legittimo scopo del regime speciale, ovvero quello di interrompere i legami con la criminalit\u00e0 organizzata. Oltre ad esplicitare il diametro massimo delle pentole e dei pentolini che possono essere tenuti in cella dai detenuti in 41-bis, la circolare prevede anche la consegna dei prodotti per l\u2019igiene personale al mattino ed il loro ritiro alla sera, la possibilit\u00e0 di tenere non pi\u00f9 di quattro libri e di consultare solamente i giornali considerati \u201cdi ampia diffusione nazionale\u201d. Ancora pi\u00f9 incomprensibile appare il divieto di affissione ai muri della cella di qualsiasi cosa, ad eccezione di una singola fotografia famigliare.<span class=\"footnote_referrer\"><a role=\"button\" tabindex=\"0\" onclick=\"footnote_moveToReference_7448_1('footnote_plugin_reference_7448_1_2');\" onkeypress=\"footnote_moveToReference_7448_1('footnote_plugin_reference_7448_1_2');\" ><sup id=\"footnote_plugin_tooltip_7448_1_2\" class=\"footnote_plugin_tooltip_text\">2)<\/sup><\/a><span id=\"footnote_plugin_tooltip_text_7448_1_2\" class=\"footnote_tooltip\"><\/span><\/span>[\/vc_column_text][vc_column_text]Ma quanti sono i detenuti in 41-bis? Si tratta di un numero alto, che si mantiene stabile nell\u2019ultimo decennio. Secondo i dati pubblicati dal Ministero della Giustizia aggiornati all\u201911 dicembre 2023, il numero dei detenuti presenti \u00e8 di 733 &#8211; di cui 12 donne presso la Casa di Reclusione de L\u2019Aquila e 7 internati presso la Casa Circondariale di Tolmezzo &#8211; dislocati nelle 12 sezioni 41-bis presenti nel territorio nazionale. Al 4 aprile 2024, secondo dati del DAP, i detenuti in 41-bis sono 721.[\/vc_column_text][\/vc_column][\/vc_row][vc_row][vc_column width=&#8221;1\/4&#8243;][\/vc_column][vc_column width=&#8221;3\/4&#8243;][vc_column_text]<\/p>\n<div class=\"flourish-embed flourish-map\" data-src=\"visualisation\/17523275\"><script src=\"https:\/\/public.flourish.studio\/resources\/embed.js\"><\/script><\/div>\n<p>[\/vc_column_text][\/vc_column][\/vc_row][vc_row][vc_column width=&#8221;1\/4&#8243;][\/vc_column][vc_column width=&#8221;3\/4&#8243;][vc_column_text]Per quanto riguarda l\u2019affiliazione alle organizzazioni criminali dei detenuti in 41-bis in base ai dati pubblicati dal Ministero della Giustizia e aggiornati all\u201911 dicembre 2023, 203 reclusi appartengono alla Camorra, 209 alla Ndrangheta, 205 a Cosa nostra, 25 alla mafia pugliese, 22 alla mafia siciliana, 19 alla Sacra corona unita, 5 alla Stidda, 4 alla mafia lucana, 3 ad altre mafie e 4 al terrorismo (interno e internazionale).<\/p>\n<p>Una delle ragioni che potrebbe contribuire a spiegare il numero piuttosto stabile delle presenze in 41-bis \u00e8 il numero elevato di rinnovi automatici &#8211; ovvero senza aver svolto una verifica attenta circa la permanenza dei legami con l\u2019organizzazione criminale &#8211; del provvedimento iniziale di imposizione del regime 41-bis. Secondo il Garante nazionale, non sono poche le persone che si trovano in 41-bis da pi\u00f9 di vent\u2019anni; altrettante sono quelle che scontano l\u2019intera condanna nelle sezioni 41-bis, mentre gli ergastolani sottoposti al regime speciale sono meno del 30%.<\/p>\n<p>Davanti a questi dati e al quadro proposto, la specialit\u00e0 del 41-bis sembra essere ormai investita da un processo di normalizzazione, rendendo tale regime per i detenuti che vi sono sottoposti un\u2019afflizione che ormai ha perso il carattere di eccezionalit\u00e0.[\/vc_column_text][\/vc_column][\/vc_row][vc_row][vc_column width=&#8221;1\/4&#8243;][\/vc_column][vc_column width=&#8221;3\/4&#8243;][vc_column_text]<\/p>\n<div class=\"flourish-embed flourish-hierarchy\" data-src=\"visualisation\/17522709\"><script src=\"https:\/\/public.flourish.studio\/resources\/embed.js\"><\/script><\/div>\n<p>[\/vc_column_text][\/vc_column][\/vc_row][vc_row][vc_column width=&#8221;1\/4&#8243;][\/vc_column][vc_column width=&#8221;3\/4&#8243;][vc_column_text]Al contrario delle sezioni 41-bis, che sono gli unici spazi penitenziari che non possono essere visitati dagli osservatori di Antigone, le sezioni dell\u2019Alta sicurezza sono oggetto di monitoraggio diretto da parte dell\u2019Osservatorio sulle condizioni di detenzione.<\/p>\n<p>I circuiti dell\u2019Alta sicurezza sono stati istituiti con la Circolare DAP n. 3619\/6069 del 2009 attraverso la quale lo spazio penitenziario e l\u2019organizzazione della vita penitenziaria sono stati declinati in tre circuiti: Media sicurezza<span class=\"footnote_referrer\"><a role=\"button\" tabindex=\"0\" onclick=\"footnote_moveToReference_7448_1('footnote_plugin_reference_7448_1_3');\" onkeypress=\"footnote_moveToReference_7448_1('footnote_plugin_reference_7448_1_3');\" ><sup id=\"footnote_plugin_tooltip_7448_1_3\" class=\"footnote_plugin_tooltip_text\">3)<\/sup><\/a><span id=\"footnote_plugin_tooltip_text_7448_1_3\" class=\"footnote_tooltip\"><\/span><\/span>, Alta sicurezza e Custodia attenuata. A sua volta l\u2019Alta sicurezza si articola in tre sottocircuiti: AS1 a cui sono assegnate le persone appartenenti alla criminalit\u00e0 organizzata di tipo mafioso, nei cui confronti sia venuto meno il decreto di applicazione del regime 41-bis; AS2 in cui vengono inseriti i soggetti imputati o condannati per delitti commessi con finalit\u00e0 di terrorismo, anche internazionale, o di eversione dell\u2019ordine democratico mediante il compimento di atti di violenza e AS3 per le persone imputate o condannate per reati previsti dall\u2019art. 4-bis comma 1 della Legge sull\u2019Ordinamento Penitenziario, fatte salve le deroghe fissate nella circolare DAP n. 20 del 19 gennaio 2007.[\/vc_column_text][\/vc_column][\/vc_row][vc_row][vc_column width=&#8221;1\/4&#8243;][\/vc_column][vc_column width=&#8221;3\/4&#8243;][vc_column_text]Se l\u2019assegnazione ad un determinato circuito avviene in maniera pressoch\u00e9 automatica in base al titolo di reato commesso, da cui si desume il livello di pericolosit\u00e0 del detenuto, la declassificazione, invece, \u00e8 determinata dalla condotta penitenziaria. A tale proposito, particolarmente delicato \u00e8 il passaggio dal regime del 41-bis al circuito dell\u2019AS1 poich\u00e9, sebbene le sezioni di Alta sicurezza siano comunque caratterizzate da importanti restrizioni rispetto a quelle ordinarie (che riguardano in particolare i colloqui e le attivit\u00e0), il detenuto si trova a dover passare da un regime di sostanziale isolamento a dover condividere a volte la cella con altre persone, ad interagire con queste, e anche a relazionarsi con gli agenti penitenziari non appartenenti al reparto speciale del GOM.<\/p>\n<p>Per quanto riguarda la quotidianit\u00e0 detentiva presso le singole sezioni, ampia discrezionalit\u00e0 \u00e8 lasciata alla direzione dei singoli istituti, per cui il contenuto del circuito pare pi\u00f9 sostanziarsi in un insieme informale di decisioni ed opportunit\u00e0 di gestione delle risorse e degli spazi da parte dell\u2019istituzione, piuttosto che in una prassi giuridica ben definita.<span class=\"footnote_referrer\"><a role=\"button\" tabindex=\"0\" onclick=\"footnote_moveToReference_7448_1('footnote_plugin_reference_7448_1_4');\" onkeypress=\"footnote_moveToReference_7448_1('footnote_plugin_reference_7448_1_4');\" ><sup id=\"footnote_plugin_tooltip_7448_1_4\" class=\"footnote_plugin_tooltip_text\">4)<\/sup><\/a><span id=\"footnote_plugin_tooltip_text_7448_1_4\" class=\"footnote_tooltip\"><\/span><\/span><\/p>\n<p>Secondo i dati del DAP aggiornati al 4 aprile 2024, i detenuti assegnati al macro-circuito dell\u2019Alta Sicurezza sono 9.439. Dai dati raccolti durante l\u2019attivit\u00e0 di monitoraggio di Antigone svolta nel 2023, dei detenuti inseriti in Alta Sicurezza, il 97,1 % sono assegnati al sottocircuito AS3 (l\u2019istituto visitato che ospita pi\u00f9 detenuti \u00e8 quello di Secondigliano), 2,1% (38 a Parma, 29 ad Oristano, 19 a Catanzaro) al sottocircuito AS1 e circa lo 0,8 % (38 a Parma, 29 ad Oristano, 19 a Catanzaro) al sottocircuito AS2 (11 a Terni, 9 a Sassari, 8 a Melfi, 5 a Ferrara 1 a Piacenza).[\/vc_column_text][\/vc_column][\/vc_row][vc_row][vc_column width=&#8221;1\/4&#8243;][\/vc_column][vc_column width=&#8221;3\/4&#8243;][vc_column_text]<\/p>\n<div class=\"flourish-embed flourish-chart\" data-src=\"visualisation\/17523194\"><script src=\"https:\/\/public.flourish.studio\/resources\/embed.js\"><\/script><\/div>\n<p>[\/vc_column_text][\/vc_column][\/vc_row][vc_row][vc_column width=&#8221;1\/4&#8243;][\/vc_column][vc_column width=&#8221;3\/4&#8243;][\/vc_column][\/vc_row][vc_row][vc_column width=&#8221;1\/4&#8243;][\/vc_column][vc_column width=&#8221;3\/4&#8243;][\/vc_column][\/vc_row][vc_row][vc_column width=&#8221;1\/4&#8243;][\/vc_column][vc_column width=&#8221;3\/4&#8243;][\/vc_column][\/vc_row][vc_row][vc_column width=&#8221;1\/4&#8243;][\/vc_column][vc_column width=&#8221;3\/4&#8243;][\/vc_column][\/vc_row]<\/p>\n<div class=\"speaker-mute footnotes_reference_container\"> <div class=\"footnote_container_prepare\"><p><span role=\"button\" tabindex=\"0\" class=\"footnote_reference_container_label pointer\" onclick=\"footnote_expand_collapse_reference_container_7448_1();\">References<\/span><span role=\"button\" tabindex=\"0\" class=\"footnote_reference_container_collapse_button\" style=\"display: none;\" onclick=\"footnote_expand_collapse_reference_container_7448_1();\">[<a id=\"footnote_reference_container_collapse_button_7448_1\">+<\/a>]<\/span><\/p><\/div> <div id=\"footnote_references_container_7448_1\" style=\"\"><table class=\"footnotes_table footnote-reference-container\"><caption class=\"accessibility\">References<\/caption> <tbody> \r\n\r\n<tr class=\"footnotes_plugin_reference_row\"> <th scope=\"row\" class=\"footnote_plugin_index_combi pointer\"  onclick=\"footnote_moveToAnchor_7448_1('footnote_plugin_tooltip_7448_1_1');\"><a id=\"footnote_plugin_reference_7448_1_1\" class=\"footnote_backlink\"><span class=\"footnote_index_arrow\">&#8593;<\/span>1<\/a><\/th> <td class=\"footnote_plugin_text\"><span style=\"font-weight: 400;\">Spesso si tratta di sale anguste, dal mobilio scarno, cos\u00ec come angusti sono i cortili di alcune sezioni 41-bis, sprovvisti di elementi di vegetazione e di attrezzature per poter fare attivit\u00e0 fisica, oltre spesso a non permettere un\u2019estensione e una profondit\u00e0 dello sguardo. Si veda Garante nazionale dei diritti delle persone private della libert\u00e0 (2023), <\/span><a href=\"https:\/\/www.garantenazionaleprivatiliberta.it\/gnpl\/resources\/cms\/documents\/5ec7c2183f31c253d08dd1ab5c9b1304.pdf\"><span style=\"font-weight: 400;\">Rapporto tematico sul regime detentivo speciale ex art. 41-bis dell\u2019Ordinamento Penitenziario<\/span><\/a><span style=\"font-weight: 400;\">. <\/span><\/td><\/tr>\r\n\r\n<tr class=\"footnotes_plugin_reference_row\"> <th scope=\"row\" class=\"footnote_plugin_index_combi pointer\"  onclick=\"footnote_moveToAnchor_7448_1('footnote_plugin_tooltip_7448_1_2');\"><a id=\"footnote_plugin_reference_7448_1_2\" class=\"footnote_backlink\"><span class=\"footnote_index_arrow\">&#8593;<\/span>2<\/a><\/th> <td class=\"footnote_plugin_text\"><span style=\"font-weight: 400;\">Sono consentite solamente trenta fotografie in cella, le cui dimensioni non possono eccedere i 30 cm x 20 cm.<\/span><\/td><\/tr>\r\n\r\n<tr class=\"footnotes_plugin_reference_row\"> <th scope=\"row\" class=\"footnote_plugin_index_combi pointer\"  onclick=\"footnote_moveToAnchor_7448_1('footnote_plugin_tooltip_7448_1_3');\"><a id=\"footnote_plugin_reference_7448_1_3\" class=\"footnote_backlink\"><span class=\"footnote_index_arrow\">&#8593;<\/span>3<\/a><\/th> <td class=\"footnote_plugin_text\"><span style=\"font-weight: 400;\">Nell\u2019<a href=\"https:\/\/www.rapportoantigone.it\/ventesimo-rapporto-sulle-condizioni-di-detenzione\/il-carcere-chiuso-isolamento-e-separazione\/\">approfondimento dedicato all\u2019isolamento<\/a> si tratta dei cambiamenti che recentemente hanno investito l\u2019articolazione del circuito di media sicurezza, evidenziando una progressiva tendenza di chiusura del sistema penitenziario italiano. <\/span><\/td><\/tr>\r\n\r\n<tr class=\"footnotes_plugin_reference_row\"> <th scope=\"row\" class=\"footnote_plugin_index_combi pointer\"  onclick=\"footnote_moveToAnchor_7448_1('footnote_plugin_tooltip_7448_1_4');\"><a id=\"footnote_plugin_reference_7448_1_4\" class=\"footnote_backlink\"><span class=\"footnote_index_arrow\">&#8593;<\/span>4<\/a><\/th> <td class=\"footnote_plugin_text\"><span style=\"font-weight: 400;\">Cfr. Santorso S., Vianello F. (2017), <\/span><a href=\"https:\/\/www.antigone.it\/rivista-archivio\/Antigone_2-2017.pdf\"><span style=\"font-weight: 400;\">La circuitazione dei detenuti: differenziazione, contrattazione e gestione degli spazi del penitenziario<\/span><\/a><span style=\"font-weight: 400;\">, <\/span><i><span style=\"font-weight: 400;\">Rivista Antigone,<\/span><\/i><span style=\"font-weight: 400;\"> pp. 7-10.<\/span><\/td><\/tr>\r\n\r\n <\/tbody> <\/table> <\/div><\/div><script type=\"text\/javascript\"> function footnote_expand_reference_container_7448_1() { jQuery('#footnote_references_container_7448_1').show(); jQuery('#footnote_reference_container_collapse_button_7448_1').text('\u2212'); } function footnote_collapse_reference_container_7448_1() { jQuery('#footnote_references_container_7448_1').hide(); jQuery('#footnote_reference_container_collapse_button_7448_1').text('+'); } function footnote_expand_collapse_reference_container_7448_1() { if (jQuery('#footnote_references_container_7448_1').is(':hidden')) { footnote_expand_reference_container_7448_1(); } else { footnote_collapse_reference_container_7448_1(); } } function footnote_moveToReference_7448_1(p_str_TargetID) { footnote_expand_reference_container_7448_1(); var l_obj_Target = jQuery('#' + p_str_TargetID); if (l_obj_Target.length) { jQuery( 'html, body' ).delay( 0 ); jQuery('html, body').animate({ scrollTop: l_obj_Target.offset().top - window.innerHeight * 0.2 }, 380); } } function footnote_moveToAnchor_7448_1(p_str_TargetID) { footnote_expand_reference_container_7448_1(); var l_obj_Target = jQuery('#' + p_str_TargetID); if (l_obj_Target.length) { jQuery( 'html, body' ).delay( 0 ); jQuery('html, body').animate({ scrollTop: l_obj_Target.offset().top - window.innerHeight * 0.2 }, 380); } }<\/script>","protected":false},"excerpt":{"rendered":"<p>[vc_row][vc_column width=&#8221;1\/4&#8243;][vc_column_text]\u00a0[\/vc_column_text][\/vc_column][vc_column width=&#8221;3\/4&#8243;][vc_empty_space height=&#8221;5px&#8221;][\/vc_column][\/vc_row][vc_row][vc_column width=&#8221;1\/4&#8243;][vc_column_text el_class=&#8221;citazione&#8221;]Dopo l\u2019acceso dibattito scaturito dal caso Cospito, il regime del 41-bis sembra essere tornato nella sua tradizionale collocazione, una collocazione nell\u2019ombra, e con esso anche la situazione delle persone detenute destinatarie del regime speciale.[\/vc_column_text][\/vc_column][vc_column width=&#8221;3\/4&#8243;][vc_column_text]Dopo l\u2019acceso dibattito scaturito dal caso Cospito, il regime del 41-bis sembra essere tornato nella sua [&hellip;]<\/p>\n","protected":false},"author":8,"featured_media":7372,"comment_status":"open","ping_status":"open","sticky":false,"template":"","format":"standard","meta":{"_acf_changed":false,"om_disable_all_campaigns":false,"_monsterinsights_skip_tracking":false,"_monsterinsights_sitenote_active":false,"_monsterinsights_sitenote_note":"","_monsterinsights_sitenote_category":0,"footnotes":""},"categories":[8],"tags":[],"acf":[],"_links":{"self":[{"href":"https:\/\/www.rapportoantigone.it\/ventesimo-rapporto-sulle-condizioni-di-detenzione\/wp-json\/wp\/v2\/posts\/7448"}],"collection":[{"href":"https:\/\/www.rapportoantigone.it\/ventesimo-rapporto-sulle-condizioni-di-detenzione\/wp-json\/wp\/v2\/posts"}],"about":[{"href":"https:\/\/www.rapportoantigone.it\/ventesimo-rapporto-sulle-condizioni-di-detenzione\/wp-json\/wp\/v2\/types\/post"}],"author":[{"embeddable":true,"href":"https:\/\/www.rapportoantigone.it\/ventesimo-rapporto-sulle-condizioni-di-detenzione\/wp-json\/wp\/v2\/users\/8"}],"replies":[{"embeddable":true,"href":"https:\/\/www.rapportoantigone.it\/ventesimo-rapporto-sulle-condizioni-di-detenzione\/wp-json\/wp\/v2\/comments?post=7448"}],"version-history":[{"count":4,"href":"https:\/\/www.rapportoantigone.it\/ventesimo-rapporto-sulle-condizioni-di-detenzione\/wp-json\/wp\/v2\/posts\/7448\/revisions"}],"predecessor-version":[{"id":7637,"href":"https:\/\/www.rapportoantigone.it\/ventesimo-rapporto-sulle-condizioni-di-detenzione\/wp-json\/wp\/v2\/posts\/7448\/revisions\/7637"}],"wp:featuredmedia":[{"embeddable":true,"href":"https:\/\/www.rapportoantigone.it\/ventesimo-rapporto-sulle-condizioni-di-detenzione\/wp-json\/wp\/v2\/media\/7372"}],"wp:attachment":[{"href":"https:\/\/www.rapportoantigone.it\/ventesimo-rapporto-sulle-condizioni-di-detenzione\/wp-json\/wp\/v2\/media?parent=7448"}],"wp:term":[{"taxonomy":"category","embeddable":true,"href":"https:\/\/www.rapportoantigone.it\/ventesimo-rapporto-sulle-condizioni-di-detenzione\/wp-json\/wp\/v2\/categories?post=7448"},{"taxonomy":"post_tag","embeddable":true,"href":"https:\/\/www.rapportoantigone.it\/ventesimo-rapporto-sulle-condizioni-di-detenzione\/wp-json\/wp\/v2\/tags?post=7448"}],"curies":[{"name":"wp","href":"https:\/\/api.w.org\/{rel}","templated":true}]}}