{"id":7523,"date":"2024-04-18T11:22:20","date_gmt":"2024-04-18T09:22:20","guid":{"rendered":"https:\/\/www.rapportoantigone.it\/ventesimo-rapporto-sulle-condizioni-di-detenzione\/donne-in-carcere-in-italia-e-spagna-2\/"},"modified":"2024-04-19T17:16:13","modified_gmt":"2024-04-19T15:16:13","slug":"viaggio-nelle-colonie-penali-della-sardegna","status":"publish","type":"post","link":"https:\/\/www.rapportoantigone.it\/ventesimo-rapporto-sulle-condizioni-di-detenzione\/viaggio-nelle-colonie-penali-della-sardegna\/","title":{"rendered":"Viaggio nelle colonie penali della Sardegna"},"content":{"rendered":"<p>[vc_row][vc_column width=&#8221;1\/4&#8243;]<h4 class=\"grve-element grve-align-left grve-title-no-line grve-h4 autore\" style=\"\"><span>di Patrizio Gonnella e Susanna Marietti <span class=\"footnote_referrer\"><a role=\"button\" tabindex=\"0\" onclick=\"footnote_moveToReference_7523_1('footnote_plugin_reference_7523_1_1');\" onkeypress=\"footnote_moveToReference_7523_1('footnote_plugin_reference_7523_1_1');\" ><sup id=\"footnote_plugin_tooltip_7523_1_1\" class=\"footnote_plugin_tooltip_text\">1)<\/sup><\/a><span id=\"footnote_plugin_tooltip_text_7523_1_1\" class=\"footnote_tooltip\"><\/span><\/span><\/span><\/h4>[vc_column_text]<!-- Simple Share Buttons Adder (8.5.4) simplesharebuttons.com --><div class=\"ssba-modern-2 ssba ssbp-wrap aligncenter ssbp--theme-1\"><div style=\"text-align:center\"><span class=\"ssba-share-text\">Share this...<\/span><br\/><ul class=\"ssbp-list\"><li class='ssbp-li--facebook'><a data-site=\"facebook\" class=\"ssba_facebook_share ssba_share_link ssbp-facebook ssbp-btn\" href=\"https:\/\/www.facebook.com\/sharer.php?t=Viaggio nelle colonie penali della Sardegna&u=https:\/\/www.rapportoantigone.it\/ventesimo-rapporto-sulle-condizioni-di-detenzione\/wp-json\/wp\/v2\/posts\/7523\"  target=_blank  style=\"color:#4267B2; background-color: #4267B2; height: 40px; width: 40px; \" ><span><svg xmlns=\"http:\/\/www.w3.org\/2000\/svg\" fill=\"#fff\" preserveAspectRatio=\"xMidYMid meet\" height=\"1em\" width=\"1em\" viewBox=\"0 0 40 40\">\n  <g>\n    <path d=\"m21.7 16.7h5v5h-5v11.6h-5v-11.6h-5v-5h5v-2.1c0-2 0.6-4.5 1.8-5.9 1.3-1.3 2.8-2 4.7-2h3.5v5h-3.5c-0.9 0-1.5 0.6-1.5 1.5v3.5z\"><\/path>\n  <\/g>\n<\/svg>\n\n<\/span><span class=\"color-icon\"><svg xmlns=\"http:\/\/www.w3.org\/2000\/svg\" width=\"16\" height=\"28\" viewBox=\"0 0 16 28\">\n  <path fill=\"#3B5998\" d=\"M10.7,10.7 L15.7,10.7 L15.7,15.7 L10.7,15.7 L10.7,27.3 L5.7,27.3 L5.7,15.7 L0.7,15.7 L0.7,10.7 L5.7,10.7 L5.7,8.6 C5.7,6.6 6.3,4.1 7.5,2.7 C8.8,1.4 10.3,0.7 12.2,0.7 L15.7,0.7 L15.7,5.7 L12.2,5.7 C11.3,5.7 10.7,6.3 10.7,7.2 L10.7,10.7 Z\"\/>\n<\/svg>\n<\/span><div title=\"Facebook\" class=\"ssbp-text\">Facebook<\/div><\/a><\/li><li class='ssbp-li--whatsapp'><a data-site=\"whatsapp\" class=\"ssba_whatsapp_share ssba_share_link ssbp-whatsapp ssbp-btn\" href=\"https:\/\/web.whatsapp.com\/send?text=https:\/\/www.rapportoantigone.it\/ventesimo-rapporto-sulle-condizioni-di-detenzione\/wp-json\/wp\/v2\/posts\/7523\"  target=_blank  style=\"color:#25d366; background-color: #25d366; height: 40px; width: 40px; \" ><span><svg xmlns=\"http:\/\/www.w3.org\/2000\/svg\" fill=\"#fff\" preserveAspectRatio=\"xMidYMid meet\" height=\"1em\" width=\"1em\" viewBox=\"0 0 40 40\">\n  <g>\n    <path d=\"m25 21.7q0.3 0 2.2 1t2 1.2q0 0.1 0 0.3 0 0.8-0.4 1.7-0.3 0.9-1.6 1.5t-2.2 0.6q-1.3 0-4.3-1.4-2.2-1-3.8-2.6t-3.3-4.2q-1.6-2.3-1.6-4.3v-0.2q0.1-2 1.7-3.5 0.5-0.5 1.2-0.5 0.1 0 0.4 0t0.4 0.1q0.4 0 0.6 0.1t0.3 0.6q0.2 0.5 0.8 2t0.5 1.7q0 0.5-0.8 1.3t-0.7 1q0 0.2 0.1 0.3 0.7 1.7 2.3 3.1 1.2 1.2 3.3 2.2 0.3 0.2 0.5 0.2 0.4 0 1.2-1.1t1.2-1.1z m-4.5 11.9q2.8 0 5.4-1.1t4.5-3 3-4.5 1.1-5.4-1.1-5.5-3-4.5-4.5-2.9-5.4-1.2-5.5 1.2-4.5 2.9-2.9 4.5-1.2 5.5q0 4.5 2.7 8.2l-1.7 5.2 5.4-1.8q3.5 2.4 7.7 2.4z m0-30.9q3.4 0 6.5 1.4t5.4 3.6 3.5 5.3 1.4 6.6-1.4 6.5-3.5 5.3-5.4 3.6-6.5 1.4q-4.4 0-8.2-2.1l-9.3 3 3-9.1q-2.4-3.9-2.4-8.6 0-3.5 1.4-6.6t3.6-5.3 5.3-3.6 6.6-1.4z\"><\/path>\n  <\/g>\n<\/svg>\n\n<\/span><span class=\"color-icon\"><svg xmlns=\"http:\/\/www.w3.org\/2000\/svg\" width=\"35\" height=\"36\" viewBox=\"0 0 35 36\">\n  <path fill=\"#25D366\" d=\"M22,19.7 C22.2,19.7 22.9333333,20.0333333 24.2,20.7 C25.4666667,21.3666667 26.1333333,21.7666667 26.2,21.9 C26.2,21.9666667 26.2,22.0666667 26.2,22.2 C26.2,22.7333333 26.0666667,23.3 25.8,23.9 C25.6,24.5 25.0666667,25 24.2,25.4 C23.3333333,25.8 22.6,26 22,26 C21.1333333,26 19.7,25.5333333 17.7,24.6 C16.2333333,23.9333333 14.9666667,23.0666667 13.9,22 C12.8333333,20.9333333 11.7333333,19.5333333 10.6,17.8 C9.53333333,16.2666667 9,14.8333333 9,13.5 L9,13.3 C9.06666667,11.9666667 9.63333333,10.8 10.7,9.8 C11.0333333,9.46666667 11.4333333,9.3 11.9,9.3 C11.9666667,9.3 12.1,9.3 12.3,9.3 C12.5,9.3 12.6333333,9.33333333 12.7,9.4 C12.9666667,9.4 13.1666667,9.43333333 13.3,9.5 C13.4333333,9.56666667 13.5333333,9.76666667 13.6,10.1 C13.7333333,10.4333333 14,11.1 14.4,12.1 C14.8,13.1 14.9666667,13.6666667 14.9,13.8 C14.9,14.1333333 14.6333333,14.5666667 14.1,15.1 C13.5666667,15.6333333 13.3333333,15.9666667 13.4,16.1 C13.4,16.2333333 13.4333333,16.3333333 13.5,16.4 C13.9666667,17.5333333 14.7333333,18.5666667 15.8,19.5 C16.6,20.3 17.7,21.0333333 19.1,21.7 C19.3,21.8333333 19.4666667,21.9 19.6,21.9 C19.8666667,21.9 20.2666667,21.5333333 20.8,20.8 C21.3333333,20.0666667 21.7333333,19.7 22,19.7 Z M17.5,31.6 C19.3666667,31.6 21.1666667,31.2333333 22.9,30.5 C24.6333333,29.7666667 26.1333333,28.7666667 27.4,27.5 C28.6666667,26.2333333 29.6666667,24.7333333 30.4,23 C31.1333333,21.2666667 31.5,19.4666667 31.5,17.6 C31.5,15.7333333 31.1333333,13.9 30.4,12.1 C29.6666667,10.3 28.6666667,8.8 27.4,7.6 C26.1333333,6.4 24.6333333,5.43333333 22.9,4.7 C21.1666667,3.96666667 19.3666667,3.56666667 17.5,3.5 C15.6333333,3.43333333 13.8,3.83333333 12,4.7 C10.2,5.56666667 8.7,6.53333333 7.5,7.6 C6.3,8.66666667 5.33333333,10.1666667 4.6,12.1 C3.86666667,14.0333333 3.46666667,15.8666667 3.4,17.6 C3.4,20.6 4.3,23.3333333 6.1,25.8 L4.4,31 L9.8,29.2 C12.1333333,30.8 14.7,31.6 17.5,31.6 Z M17.5,0.7 C19.7666667,0.7 21.9333333,1.16666667 24,2.1 C26.0666667,3.03333333 27.8666667,4.23333333 29.4,5.7 C30.9333333,7.16666667 32.1,8.93333333 32.9,11 C33.7,13.0666667 34.1666667,15.2666667 34.3,17.6 C34.4333333,19.9333333 33.9666667,22.1 32.9,24.1 C31.8333333,26.1 30.6666667,27.8666667 29.4,29.4 C28.1333333,30.9333333 26.3333333,32.1333333 24,33 C21.6666667,33.8666667 19.5,34.3333333 17.5,34.4 C14.5666667,34.4 11.8333333,33.7 9.3,32.3 L0,35.3 L3,26.2 C1.4,23.6 0.6,20.7333333 0.6,17.6 C0.6,15.2666667 1.06666667,13.0666667 2,11 C2.93333333,8.93333333 4.13333333,7.16666667 5.6,5.7 C7.06666667,4.23333333 8.83333333,3.03333333 10.9,2.1 C12.9666667,1.16666667 15.1666667,0.7 17.5,0.7 Z\"\/>\n<\/svg>\n<\/span><div title=\"Whatsapp\" class=\"ssbp-text\">Whatsapp<\/div><\/a><\/li><li class='ssbp-li--twitter'><a data-site=\"twitter\" class=\"ssba_twitter_share ssba_share_link ssbp-twitter ssbp-btn\" href=\"https:\/\/twitter.com\/intent\/tweet?text=Viaggio nelle colonie penali della Sardegna&url=https:\/\/www.rapportoantigone.it\/ventesimo-rapporto-sulle-condizioni-di-detenzione\/wp-json\/wp\/v2\/posts\/7523&via=\"  target=_blank  style=\"color:#000000; background-color: #000000; height: 40px; width: 40px; \" ><span><svg width=\"25\" height=\"25\" viewBox=\"0 0 25 25\" fill=\"none\" xmlns=\"http:\/\/www.w3.org\/2000\/svg\">\n    <rect width=\"25\" height=\"25\" \/>\n    <path d=\"M14.4821 11.6218L21.0389 4H19.4852L13.7919 10.6179L9.24467 4H4L10.8763 14.0074L4 22H5.55385L11.5661 15.0113L16.3683 22H21.613L14.4821 11.6218ZM6.11371 5.16972H8.50031L19.4859 20.8835H17.0993L6.11371 5.16972Z\" fill=\"white\"\/>\n<\/svg>\n<\/span><span class=\"color-icon\"><svg width=\"25\" height=\"25\" viewBox=\"0 0 25 25\" fill=\"none\" xmlns=\"http:\/\/www.w3.org\/2000\/svg\">\n\t<rect width=\"25\" height=\"25\" \/>\n\t<path d=\"M14.4821 11.6218L21.0389 4H19.4852L13.7919 10.6179L9.24467 4H4L10.8763 14.0074L4 22H5.55385L11.5661 15.0113L16.3683 22H21.613L14.4821 11.6218ZM6.11371 5.16972H8.50031L19.4859 20.8835H17.0993L6.11371 5.16972Z\" fill=\"#000000\"\/>\n<\/svg>\n<\/span><div title=\"Twitter\" class=\"ssbp-text\">Twitter<\/div><\/a><\/li><li class='ssbp-li--linkedin'><a data-site=\"linkedin\" class=\"ssba_linkedin_share ssba_share_link ssbp-linkedin ssbp-btn\" href=\"https:\/\/www.linkedin.com\/shareArticle?title=Viaggio nelle colonie penali della Sardegna&url=https:\/\/www.rapportoantigone.it\/ventesimo-rapporto-sulle-condizioni-di-detenzione\/wp-json\/wp\/v2\/posts\/7523\"  target=_blank  style=\"color:#0077b5; background-color: #0077b5; height: 40px; width: 40px; \" ><span><svg xmlns=\"http:\/\/www.w3.org\/2000\/svg\" fill=\"#fff\" preserveAspectRatio=\"xMidYMid meet\" height=\"1em\" width=\"1em\" viewBox=\"0 0 40 40\">\n  <g>\n    <path d=\"m13.3 31.7h-5v-16.7h5v16.7z m18.4 0h-5v-8.9c0-2.4-0.9-3.5-2.5-3.5-1.3 0-2.1 0.6-2.5 1.9v10.5h-5s0-15 0-16.7h3.9l0.3 3.3h0.1c1-1.6 2.7-2.8 4.9-2.8 1.7 0 3.1 0.5 4.2 1.7 1 1.2 1.6 2.8 1.6 5.1v9.4z m-18.3-20.9c0 1.4-1.1 2.5-2.6 2.5s-2.5-1.1-2.5-2.5 1.1-2.5 2.5-2.5 2.6 1.2 2.6 2.5z\"><\/path>\n  <\/g>\n<\/svg>\n\n<\/span><span class=\"color-icon\"><svg xmlns=\"http:\/\/www.w3.org\/2000\/svg\" xmlns:xlink=\"http:\/\/www.w3.org\/1999\/xlink\" width=\"50px\" height=\"50px\" viewBox=\"0 0 50 50\" version=\"1.1\">\n<g id=\"surface97807\">\n<path style=\" stroke:none;fill-rule:nonzero;fill:rgb(0%,46.666667%,70.980392%);fill-opacity:1;\" d=\"M 8 3.007812 C 4.53125 3.007812 2.007812 5.089844 2.007812 7.949219 C 2.007812 10.820312 4.589844 12.988281 8 12.988281 C 11.46875 12.988281 13.988281 10.871094 13.988281 7.890625 C 13.832031 5.019531 11.359375 3.007812 8 3.007812 Z M 3 15 C 2.449219 15 2 15.449219 2 16 L 2 45 C 2 45.550781 2.449219 46 3 46 L 13 46 C 13.550781 46 14 45.550781 14 45 L 14 16 C 14 15.449219 13.550781 15 13 15 Z M 18 15 C 17.449219 15 17 15.449219 17 16 L 17 45 C 17 45.550781 17.449219 46 18 46 L 27 46 C 27.550781 46 28 45.550781 28 45 L 28 29.5 C 28 27.128906 29.820312 25.199219 32.140625 25.019531 C 32.261719 25 32.378906 25 32.5 25 C 32.621094 25 32.738281 25 32.859375 25.019531 C 35.179688 25.199219 37 27.128906 37 29.5 L 37 45 C 37 45.550781 37.449219 46 38 46 L 47 46 C 47.550781 46 48 45.550781 48 45 L 48 28 C 48 21.53125 44.527344 15 36.789062 15 C 33.269531 15 30.609375 16.359375 29 17.488281 L 29 16 C 29 15.449219 28.550781 15 28 15 Z M 18 15 \"\/>\n<\/g>\n<\/svg>\n<\/span><div title=\"Linkedin\" class=\"ssbp-text\">Linkedin<\/div><\/a><\/li><\/ul><\/div><\/div>\u00a0    [\/vc_column_text][\/vc_column][vc_column width=&#8221;3\/4&#8243;]<h4 class=\"grve-element grve-align-left grve-title-no-line grve-h4 titolo\" style=\"\"><span>Viaggio nelle colonie penali della Sardegna<\/span><\/h4>[vc_empty_space height=&#8221;5px&#8221;][\/vc_column][\/vc_row][vc_row][vc_column width=&#8221;1\/4&#8243;][\/vc_column][vc_column width=&#8221;3\/4&#8243;][vc_column_text]<\/p>\n<h3>In Sardegna l\u2019isolamento del detenuto vale triplo<\/h3>\n<p>[\/vc_column_text][vc_column_text]Era il 1998 quando &#8211; per volont\u00e0 di Sandro Margara, indimenticato giudice di sorveglianza e capo dell\u2019amministrazione penitenziaria &#8211; il carcere dell\u2019Asinara chiuse in via definitiva. Poco meno di vent\u2019anni prima, il 2 ottobre 1979, c\u2019era stata la rivolta nella sezione speciale Fornelli. Altri tempi, quando le carceri erano i luoghi della repressione della lotta armata. Oggi l\u2019isola dell\u2019Asinara \u00e8 visitata da turisti e il carcere di massima sicurezza \u00e8 per fortuna solo parte del racconto delle guide locali. Strano posto la Sardegna per chi ha a che fare con il sistema delle prigioni. Forse l\u2019unica tra le regioni italiane che non presenta rischi di sovraffollamento: i detenuti, rinchiusi in dieci istituti penitenziari, sono 2.070, un numero inferiore ai 2.617 posti calcolati per definirne la capienza regolamentare. E, se non fosse per la pratica di spostare dal continente un numero significativo di detenuti stranieri con pochi legami sul territorio, sarebbero ancora di meno.[\/vc_column_text][\/vc_column][\/vc_row][vc_row][vc_column width=&#8221;1\/4&#8243;][vc_column_text el_class=&#8221;citazione&#8221;]La Sardegna sconta il suo essere isola. Ce ne siamo accorti in questi giorni in cui siamo in giro a visitare le carceri della regione. [\/vc_column_text][\/vc_column][vc_column width=&#8221;3\/4&#8243;][vc_column_text]La Sardegna sconta il suo essere isola. Ce ne siamo accorti in questi giorni in cui siamo in giro a visitare le carceri della regione. Non ci vogliono andare i direttori \u2013 oggi sono solo in tre, a dover gestire circa tre carceri a testa -, sono pochi i sottufficiali di Polizia Penitenziaria, scarseggiano gli educatori. Si vede per\u00f2 una luce in fondo al tunnel: a fine ottobre verranno immessi in servizio 57 nuovi giovani direttori. Alcuni andranno a riempire i vuoti gestionali della Sardegna.[\/vc_column_text][vc_column_text]L\u2019isolamento \u00e8 una delle parole chiave nella vita carceraria sarda. Era il 2014 quando furono inaugurate alcune nuove carceri, tra cui Cagliari e Tempio Pausania. Fu deciso di ubicarle lontano dai centri storici e dagli abitati. Per chi ama la natura \u00e8 affascinante ammirare i fenicotteri che circondano il carcere cagliaritano di Uta o perdere lo sguardo tra le colline di Nuchis vicino Tempio. Ma la lontananza dalle citt\u00e0 produce desertificazione sociale. Rende complesso costruire ponti tra dentro e fuori, immergere il carcere in un tessuto relazionale che possa dare qualche significato al periodo detentivo. Si sconta cos\u00ec un doppio isolamento: quello isolano e quello della pianificazione urbana.[\/vc_column_text][\/vc_column][\/vc_row][vc_row][vc_column width=&#8221;1\/4&#8243;][vc_column_text el_class=&#8221;citazione&#8221;]Ma viaggiando per le carceri italiane si incontrano tanti detenuti isolati. Accade per le pi\u00f9 varie ragioni: motivi sanitari, perch\u00e9 non si interferisca con i processi, per motivi disciplinari, su presunta scelta volontaria. Oppure perch\u00e9 condannati alla pena dell&#8217;isolamento diurno.[\/vc_column_text][\/vc_column][vc_column width=&#8221;3\/4&#8243;][vc_column_text]Ce n\u2019\u00e8 poi un terzo, quello classico usato da sempre nelle galere. Un isolamento tragico. Le scene di Steve McQueen che in \u201cPapillon\u201d cerca strategie per non impazzire ci danno un&#8217;immagine cinematografica di quanto le ricerche mediche hanno confermato negli anni: l\u2019isolamento fa male, l\u2019isolamento porta al disadattamento, allo squilibrio, alla follia. Ma viaggiando per le carceri italiane si incontrano tanti detenuti isolati. Accade per le pi\u00f9 varie ragioni: motivi sanitari, perch\u00e9 non si interferisca con i processi, per motivi disciplinari, su presunta scelta volontaria. Oppure perch\u00e9 condannati alla pena dell&#8217;isolamento diurno. Nel carcere di Tempio Pausania erano in due in questa situazione. L\u2019articolo 72 del codice penale prevede che ai pluriergastolani si aggiunge la pena dell&#8217;isolamento diurno che pu\u00f2 arrivare fino a tre anni. Un\u2019eternit\u00e0 capace di devastare la psiche di chiunque. Una pena nella pena, che dovremmo considerare una condizione di vero e proprio maltrattamento. Le cosiddette Mandela Rules delle Nazioni Unite ci dicono che la durata massima dell\u2019isolamento non deve superare i 15 giorni. La modalit\u00e0 di esecuzione \u00e8 poi molto, troppo diversa da carcere a carcere: si interpreta l\u2019isolamento diurno come agganciato all\u2019alba e al tramonto, o alle ore lavorative, o ancora come sconfinante nella notte in un isolamento totale. Una pena produttiva solo di sofferenza, sganciata da ogni istanza di reintegrazione sociale, evidentemente diseguale, in relazione alla quale si attende che un giorno qualche giudice sollevi la questione di costituzionalit\u00e0.[\/vc_column_text][vc_column_text]In qualcosa le carceri sarde sono ben simili a tutte le altre: nell\u2019essere diventate contenitori degli esclusi dal welfare, di quelle persone di cui nessuno (societ\u00e0, famiglia, servizi) vuole farsi carico. La sofferenza psichica si tocca con mano. Gli operatori raccontano storie di abbandono, solitudine, malattia, dipendenze che paiono senza speranza. \u00c8 a queste persone che spesso tocca l\u2019isolamento. A differenza dei detenuti pi\u00f9 strutturati dal punto di vista criminale, loro non sanno farsi la galera. Entrano in conflitto con il personale, sono abbandonati nelle sole mani di chi li deve custodire. Gli occhi di alcuni poliziotti sono occhi disarmati. Sono lasciati soli nell\u2019affrontare casi complicatissimi. Ma l\u2019isolamento non pu\u00f2 mai essere la giusta risposta. Proprio su questa consapevolezza, Antigone sta lavorando, insieme a Physiciens for Human Rights Israel, a linee guida su scala mondiale su alternative dall\u2019isolamento carcerario.[\/vc_column_text][\/vc_column][\/vc_row][vc_row][vc_column width=&#8221;1\/4&#8243;][vc_column_text el_class=&#8221;citazione&#8221;]A Tempio, carcere interamente dedicato all\u2019alta sicurezza, sono una trentina i detenuti iscritti all\u2019Universit\u00e0 di Sassari.[\/vc_column_text][\/vc_column][vc_column width=&#8221;3\/4&#8243;][vc_column_text]Tra gli ergastolani a Tempio Pausania c\u2019\u00e8 Marcello Dell\u2019Anna, in carcere da trentadue anni, una storia di emancipazione sociale prodotta dall\u2019impegno universitario. Ha conseguito ben tre lauree, scrive importanti articoli sul carcere e la pena, ha portato avanti un percorso che dovrebbe sfociare in qualche possibilit\u00e0 alternativa al carcere al fine di guardare a un pieno riavvicinamento alla societ\u00e0. Dell\u2019Anna \u00e8 un buon esempio di ricostruzione di una biografia nel segno della trasformazione culturale. A Tempio, carcere interamente dedicato all\u2019alta sicurezza, sono una trentina i detenuti iscritti all\u2019Universit\u00e0 di Sassari. Girando per le celle, ben tenute, si vedono i pc che i detenuti possono utilizzare nello studio (anche se non collegati in rete). L\u2019Italia ha una sua buona prassi: l\u2019impegno di molte Universit\u00e0 per offrire un\u2019occasione di studio qualificato. Esiste una Conferenza dei delegati dei rettori per i poli universitari in carcere. L\u2019educazione e la cultura sono straordinari fattori di emancipazione sociale. Nel carcere di Tempio \u00e8 presente anche una sezione del liceo artistico \u2018Fabrizio De Andr\u00e8\u2019. \u201cPer quanto voi vi crediate assolti siete per sempre coinvolti\u201d, cantava Faber. Siamo tutti coinvolti. Nessuno escluso.[\/vc_column_text][\/vc_column][\/vc_row][vc_row][vc_column width=&#8221;1\/4&#8243;][\/vc_column][vc_column width=&#8221;3\/4&#8243;][vc_column_text]<\/p>\n<h3>Colonie penali sarde, open to meraviglia<\/h3>\n<p>[\/vc_column_text][vc_column_text]\u00abPurtroppo, nella condizione in cui devo vivere, i capricci nascono da soli: \u00e8 incredibile come gli uomini costretti da forze esterne a vivere in modi eccezionali a artificiali sviluppino con particolare alacrit\u00e0 tutti i lati negativi del loro carattere\u00bb (Antonio Gramsci in Lettere dal carcere). Gramsci era nato ad Ales, un piccolo paese che si attraversa arrivando da ovest alla colonia penale di Isili, aperta nel 1878, qualche anno prima della nascita del fondatore del Partito Comunista d\u2019Italia. Nello sguardo e nel linguaggio profondi, autentici e mai banali di chi deve garantire la sicurezza della colonia, si percepisce la stratificazione della storia difficile di quei luoghi. Si ha anche la fortuna di poter intravedere una copia (rigorosamente in pdf, in quanto il giornale non si trova purtroppo nell\u2019isola) del Manifesto.<\/p>\n<p>Quella delle colonie penali \u00e8 una storia ottocentesca. Non sono molti gli studi che ripercorrono le tappe della loro nascita, evoluzione, progressiva dismissione. Di certo &#8211; spiegava Guido Neppi Modona, a cui si deve la pi\u00f9 ricca ricostruzione della storia carceraria italiana &#8211; le finalit\u00e0 rieducative, seppur proclamate, stentavano a essere raggiunte: \u201cbasti pensare\u201d, scriveva \u201calle condizioni di vita cui erano costretti i condannati e, con loro, le guardie carcerarie: nelle colonie, collocate appunto in terreni incolti e malarici [\u2026] la malaria e le disastrose condizioni igieniche mietevano vittime in altissima percentuale, con picchi di mortalit\u00e0 dall\u20198 al 10% e di infermit\u00e0 dal 30 al 40%, secondo quanto dichiarato dallo stesso direttore generale delle carceri Beltrani Scalia in una relazione del 1891\u201d.[\/vc_column_text][\/vc_column][\/vc_row][vc_row][vc_column width=&#8221;1\/4&#8243;][vc_column_text el_class=&#8221;citazione&#8221;]Sono quattro le colonie penali ancora attive in Italia, di cui una nell\u2019isola di Gorgona e tre in Sardegna, a Is Arenas, a Mamone e appunto a Isili.[\/vc_column_text][\/vc_column][vc_column width=&#8221;3\/4&#8243;][vc_column_text]Sono quattro le colonie penali ancora attive in Italia, di cui una nell\u2019isola di Gorgona e tre in Sardegna, a Is Arenas, a Mamone e appunto a Isili. Spazi enormi, terra coltivata, bestiame da allevare, attivit\u00e0 di trasformazione come caseifici o macelli per confezionare prosciutti e salami. Le tre colonie sarde, che abbiamo visitato nei giorni scorsi, meriterebbero di non essere censite solamente da Antigone ma anche da Slow Food o dal Gambero Rosso. Cos\u00ec come da Lonely Planet, trattandosi di posti straordinari dal punto di vista paesaggistico che meriterebbero di divenire percorsi di turismo sociale.[\/vc_column_text][vc_column_text]La colonia penale di Mamone si estende per 2.700 ettari tra le montagne. Ha al suo interno un vero e proprio paese, ormai abbandonato. Fino agli anni Ottanta ci vivevano famiglie del personale, c&#8217;era la scuola, l&#8217;ufficio postale, il parco giochi. Adesso tutto cade a pezzi. Sembra di entrare sul set cinematografico di un film apocalittico. Il pensiero del Ministero della Giustizia non arriva fino a qua. Si percepisce che questa piccola comunit\u00e0 di poliziotti, operatori, detenuti va avanti da sola, con le proprie strategie di vita che si snodano lungo la progressiva decadenza delle strutture. Fino a qualche anno fa venivano organizzate escursioni dalla costa, con degustazioni del vino &#8211; che non si produce pi\u00f9 &#8211; e degli altri prodotti della colonia. Oggi le bellissime botti di legno nella grande cantina a volte dove ci\u00f2 avveniva sono coperte da polvere e ragnatele. Tutto \u00e8 fermo, immobile, nonostante la voglia e l&#8217;impegno del personale che vorrebbe rompere l\u2019isolamento montano del luogo. A Is Arenas la colonia arriva invece fino al mare, ma la solitudine \u00e8 la stessa. Un mare meraviglioso che \u00e8 per\u00f2 sottratto alla possibilit\u00e0 di balneazione per i detenuti.[\/vc_column_text][\/vc_column][\/vc_row][vc_row][vc_column width=&#8221;1\/4&#8243;][vc_column_text el_class=&#8221;citazione&#8221;]Lavorano i campi, allevano gli animali, si muovono per gli spazi enormi della colonia senza essere marcati a uomo da un agente di polizia penitenziaria.[\/vc_column_text][\/vc_column][vc_column width=&#8221;3\/4&#8243;][vc_column_text]Sono poco pi\u00f9 di 300 i detenuti che vivono nelle tre colonie penali sarde. La loro esperienza detentiva non \u00e8 minimamente assimilabile a quella di una carcerazione tradizionale. Lavorano i campi, allevano gli animali, si muovono per gli spazi enormi della colonia senza essere marcati a uomo da un agente di polizia penitenziaria. Tornano in cella quando si fa sera. Riescono a guadagnare intorno a 600 euro al mese che consentono loro di aiutare le famiglie lontane. I tre quarti dei detenuti sono stranieri, selezionati sulla base di una loro \u2018affidabilit\u00e0\u2019 penitenziaria. Sono escluse persone con problemi di dipendenze da droghe o affette da malattia psichica o fisica. Il detenuto nelle colonie penali deve essere prima di tutto un buon detenuto e poi anche un buon lavoratore. Al primo sgarro verr\u00e0 mandato via. Deve sapere inoltre che perder\u00e0 i contatti con il mondo esterno. I colloqui con i familiari si estinguono quasi del tutto, cos\u00ec come i rapporti con i volontari. Troppo difficile arrivare a Mamone, 45 minuti di tornanti dal piccolo comune di Siniscola.[\/vc_column_text][vc_column_text]\u00c8 una sorta di patto: si guadagna libert\u00e0 di movimento e aria aperta e si perde in termini di relazioni. Un patto che tuttavia si potrebbe cercare di riscrivere, aumentando la presenza della societ\u00e0 esterna nelle tre colonie penali sarde. Per fare solo il primo esempio che viene in mente: favorendo contatti con chi potrebbe valorizzare il pecorino prodotto a Isili o gli insaccati di Is Arenas o inserendo i luoghi all\u2019interno di percorsi di turismo responsabile.<\/p>\n<p>Quando si esce dalla visita a una delle tre colonie \u00e8 impossibile non farsi questa domanda: se mi arrestassero, preferirei vivere in una cella affollata di un carcere metropolitano, tra urla di persone che chiedono la terapia ma con la possibilit\u00e0 di avere colloqui con i miei cari, oppure avere la libert\u00e0 di girare per campi, mungere mucche, allevare maiali, guadagnare qualche centinaia di euro, ma vedendo sempre e solo le stesse persone, siano detenuti, operatori, poliziotti?<\/p>\n<p>Il modello penitenziario italiano \u00e8 oggi in grande sofferenza. Nel solo 2023 si sono contati nelle carceri 88 morti, di cui 41 per propria mano suicida. \u00c8 un modello che produce sofferenza, e a volte morte, per i detenuti e che non promuove il benessere del personale penitenziario, in particolare quello di polizia. Anche a loro bisognerebbe chiedere cosa pensano del sistema di vita nelle colonie, se sia per loro pi\u00f9 o meno stressante, pi\u00f9 o meno gratificante, se sia pi\u00f9 o meno conforme alle norme costituzionali.<\/p>\n<p>Ciascuna delle tre colonie penali sarde \u00e8 oggi senza un direttore stabile. Il mese della svolta sar\u00e0 probabilmente il prossimo novembre, quando ad ognuna ne verr\u00e0 assegnato uno di ruolo. Si usi quest&#8217;occasione per pianificare il futuro delle colonie, ridare loro slancio produttivo, connetterle al territorio, rompere l\u2019isolamento, far conoscere i prodotti della terra carceraria sarda, aprire al mondo di fuori. Non si deve pi\u00f9 costringere alla scelta tra i corpi ammassati nelle sezioni o la vita sospesa e irreale in un bosco incantato lontano da ogni sguardo.[\/vc_column_text][\/vc_column][\/vc_row][vc_row][vc_column width=&#8221;1\/4&#8243;][\/vc_column][vc_column width=&#8221;3\/4&#8243;][vc_column_text]<\/p>\n<h3>Quei dimenticati nella colonia. A Isili dai \u00abdelinquenti abituali\u00bb<\/h3>\n<p>[\/vc_column_text][vc_column_text]In Sardegna, nascosto da qualche parte, c&#8217;\u00e8 un evaso. Oppure no: forse ha gi\u00e0 lasciato l&#8217;isola, chiss\u00e0 con quale mezzo, e ha raggiunto il continente. Non si hanno pi\u00f9 notizie da quando, lo scorso 25 febbraio, si \u00e8 calato con le lenzuola annodate lungo il muro del carcere di Nuoro ed \u00e8 scappato via correndo. In internet gira mille volte il filmato. Di lui si sente parlare, aleggia nell&#8217;aria. Non capita spesso di evadere. Ma, soprattutto, non capita quasi mai di non venire riacciuffati nelle ore immediatamente successive all&#8217;evasione. Lo nominano gli operatori delle carceri che visitiamo, lo nominano i nostri colleghi della sede locale di Antigone, lo nomina l&#8217;albergatore dove alloggiamo quando ci chiede cosa facciamo in Sardegna.<\/p>\n<p>Abbiamo una prova concreta della sua influenza quando arriviamo in una delle tre colonie penali sarde. Ci accompagna nella visita il comandante della polizia penitenziaria. \u00c8 molto tempo che \u00e8 qui? No, non ha la memoria storica dell&#8217;istituto, sono altri operatori che ci raccontano cosa accadeva negli anni passati. Sono solo pochi mesi che il comandante \u00e8 arrivato in questa colonia isolata e lontana da tutto. Prima era in servizio a Nuoro.<\/p>\n<p>\u00c8 una pratica tanto ipocrita quanto consueta in ambito carcerario. Nessuno \u00e8 responsabile delle grandi falle del sistema, della recidiva alle stelle, delle morti in cella, dell&#8217;assenza di attivit\u00e0 o delle strutture fatiscenti, ma di fronte al singolo evento di cronaca deve esserci sempre un singolo nome da additare, punire, trasferire.[\/vc_column_text][\/vc_column][\/vc_row][vc_row][vc_column width=&#8221;1\/4&#8243;][vc_column_text el_class=&#8221;citazione&#8221;]Una trentina scarsa di loro non \u00e8 l\u00ec a scontare una pena. Non sono detenuti. Si chiamano piuttosto &#8216;internati'[\/vc_column_text][\/vc_column][vc_column width=&#8221;3\/4&#8243;][vc_column_text]Le tre colonie penali della Sardegna non sono tutte uguali tra loro. Is Arenas e Mamone si estendono su un territorio molto pi\u00f9 vasto, quasi tremila ettari, e tutti i detenuti che vi lavorano hanno una condanna definitiva da espiare. Isili \u00e8 circondata da meno terreno e le persone che ospita non sono omogenee dal punto di vista giuridico. In tutto non raggiungono il centinaio, nonostante i posti disponibili sarebbero centotrenta. Una trentina scarsa di loro non \u00e8 l\u00ec a scontare una pena. Non sono detenuti. Si chiamano piuttosto &#8216;internati&#8217; e sono in carcere in quanto sottoposti a una misura di sicurezza detentiva. Questa pu\u00f2 generarsi in due modi: o in seguito a una qualche violazione delle prescrizioni legate alla libert\u00e0 vigilata oppure in quanto il magistrato ha deciso che la persona in questione \u00e8 un delinquente abituale, professionale o per tendenza. In questo caso, dopo aver finito di scontare la pena della reclusione che le \u00e8 stata comminata alla fine del processo, non sar\u00e0 libero di uscire dal carcere ma dovr\u00e0 invece fermarsi in cella per un&#8217;aggiunta di detenzione non pi\u00f9 legata al fatto commesso bens\u00ec alla sua propria natura pi\u00f9 intima. \u00c8 un delinquente in s\u00e9, non per quel che ha compiuto. La societ\u00e0 sarebbe danneggiata dal suo ritorno in libert\u00e0 e quindi il codice fascista del 1930 ha previsto uno strumento atto a lasciare al giudice le mani libere per tenerlo dietro le sbarre a proprio piacimento, a prescindere da eventi concreti oggettivi.[\/vc_column_text][vc_column_text]I delinquenti abituali, professionali o per tendenza, ci dice l&#8217;articolo 215 del codice penale, vengono assegnati a una casa di lavoro o a una colonia agricola. Il carcere di Isili \u00e8 il solo in Italia &#8211; se si esclude una piccola sezione con sei posti a Barcellona Posso di Gotto, in Sicilia, aperta un anno fa \u2013 ad avere una sezione di colonia agricola. Se dunque quando parliamo di colonia penale usiamo un&#8217;espressione informale, superata, che non ha corrispettivo formale nell&#8217;ordinamento attuale e sta solo a indicare un modello di vita detentiva quotidiana aperto e improntato al lavoro nei campi, se parliamo di colonia agricola stiamo invece facendo riferimento a un preciso istituto del codice italiano.<\/p>\n<p>Nella sezione colonia agricola di Isili, la vita non \u00e8 come nel resto delle colonie penali. Le celle sono perlopi\u00f9 chiuse. L&#8217;aria \u00e8 cupa. La presenza di patologie &#8211; assenti quasi per definizione nel resto del carcere, essendo la buona salute fisica e psichica uno dei requisiti per poter essere ammessi a Isili, Is Arenas, Mamone \u2013 ha qui un peso importante. Camminando lungo la sezione vediamo un giovanissimo ragazzo immigrato disteso sul letto. Potrebbe dormire, semplicemente. Se non fosse che il corpo \u00e8 scosso da un tremito diffuso e ininterrotto. Pi\u00f9 avanti c&#8217;\u00e8 un altro giovane uomo. \u00c8 seduto sullo sgabello della sua cella, ci sorride di un sorriso infantile e ci saluta muovendo la mano. Non possono farlo uscire, ci spiegano, perch\u00e9 \u00e8 un esibizionista. Se si trova in stanza con altri si abbassa i pantaloni e mostra a tutti le parti intime. E poi, ancora tra gli internati di Isili, c&#8217;\u00e8 chi non si lava da anni perch\u00e9 sostiene di appartenere a una religione che lo proibisce, e la sua cella, dalla quale non vuole mai uscire, \u00e8 un luogo di frontiera ormai inaccessibile a chiunque altro.[\/vc_column_text][\/vc_column][\/vc_row][vc_row][vc_column width=&#8221;1\/4&#8243;][vc_column_text el_class=&#8221;citazione&#8221;]Solitudini su solitudini, gli internati sono gli esclusi degli esclusi. Ne sono consapevoli gli operatori, i poliziotti penitenziari, che si adoperano in tutti i modi per inventare una speranza in quelle vite ufficialmente dimenticate dal sistema.[\/vc_column_text][\/vc_column][vc_column width=&#8221;3\/4&#8243;][vc_column_text]Solitudini su solitudini, gli internati sono gli esclusi degli esclusi. Ne sono consapevoli gli operatori, i poliziotti penitenziari, che si adoperano in tutti i modi per inventare una speranza in quelle vite ufficialmente dimenticate dal sistema. Non c&#8217;\u00e8 alcuna delinquenza abituale in loro. Nessuna tendenza. Parole dal senso vago che finiscono per non significare nulla. \u00c8 quell\u2019idea di pericolosit\u00e0 sociale che niente ha a che fare con i principi di legalit\u00e0, offensivit\u00e0 e tassativit\u00e0 che dovrebbero caratterizzare il sistema penale in un paese liberale. Nella colonia agricola di Isili, cos\u00ec come nella casa di lavoro di Vasto e in tutte le altre sezioni analoghe in giro per l&#8217;Italia, sono rinchiuse persone che non si sa dove collocare. Cos\u00ec viene prorogata loro, dai giudici di sorveglianza, la permanenza in carcere, sostenendo che sono ancora pericolosi. In realt\u00e0 sono soltanto soli, senza nessuno che li accoglie fuori. Non vi sono servizi territoriali per farsene carico, non vi sono famiglie. Tutti gli internati sono di fatto portatori di una qualche patologia psichiatrica. Ma il ragazzo che ha rubato dieci volte di seguito una scatoletta di tonno dal supermercato diventa facilmente, nell&#8217;interpretazione del magistrato, un delinquente abituale. Se poi ha cercato di scambiarla per un pacchetto di sigarette \u00e8 un delinquente professionale. Quanto alla tendenza, chiunque commetta un reato, dal pi\u00f9 piccolo al pi\u00f9 grande, pu\u00f2 custodirla nel profondo di s\u00e9.[\/vc_column_text][vc_column_text]La Sardegna non ha bisogno di caserme da adibire a carceri ma di idee, risorse umane. Ha bisogno di una regia pubblica che non faccia coincidere la parola isola con la parola isolamento. Qualcosa che sempre pi\u00f9 vale anche per tutta quella grande isola nella quale \u00e8 stato trasformato l&#8217;intero sistema penitenziario italiano.<br \/>\n[\/vc_column_text][\/vc_column][\/vc_row]<\/p>\n<div class=\"speaker-mute footnotes_reference_container\"> <div class=\"footnote_container_prepare\"><p><span role=\"button\" tabindex=\"0\" class=\"footnote_reference_container_label pointer\" onclick=\"footnote_expand_collapse_reference_container_7523_1();\">References<\/span><span role=\"button\" tabindex=\"0\" class=\"footnote_reference_container_collapse_button\" style=\"display: none;\" onclick=\"footnote_expand_collapse_reference_container_7523_1();\">[<a id=\"footnote_reference_container_collapse_button_7523_1\">+<\/a>]<\/span><\/p><\/div> <div id=\"footnote_references_container_7523_1\" style=\"\"><table class=\"footnotes_table footnote-reference-container\"><caption class=\"accessibility\">References<\/caption> <tbody> \r\n\r\n<tr class=\"footnotes_plugin_reference_row\"> <th scope=\"row\" class=\"footnote_plugin_index_combi pointer\"  onclick=\"footnote_moveToAnchor_7523_1('footnote_plugin_tooltip_7523_1_1');\"><a id=\"footnote_plugin_reference_7523_1_1\" class=\"footnote_backlink\"><span class=\"footnote_index_arrow\">&#8593;<\/span>1<\/a><\/th> <td class=\"footnote_plugin_text\">pubblicato in tre puntate sul manifesto nell'agosto del 2023<\/td><\/tr>\r\n\r\n <\/tbody> <\/table> <\/div><\/div><script type=\"text\/javascript\"> function footnote_expand_reference_container_7523_1() { jQuery('#footnote_references_container_7523_1').show(); jQuery('#footnote_reference_container_collapse_button_7523_1').text('\u2212'); } function footnote_collapse_reference_container_7523_1() { jQuery('#footnote_references_container_7523_1').hide(); jQuery('#footnote_reference_container_collapse_button_7523_1').text('+'); } function footnote_expand_collapse_reference_container_7523_1() { if (jQuery('#footnote_references_container_7523_1').is(':hidden')) { footnote_expand_reference_container_7523_1(); } else { footnote_collapse_reference_container_7523_1(); } } function footnote_moveToReference_7523_1(p_str_TargetID) { footnote_expand_reference_container_7523_1(); var l_obj_Target = jQuery('#' + p_str_TargetID); if (l_obj_Target.length) { jQuery( 'html, body' ).delay( 0 ); jQuery('html, body').animate({ scrollTop: l_obj_Target.offset().top - window.innerHeight * 0.2 }, 380); } } function footnote_moveToAnchor_7523_1(p_str_TargetID) { footnote_expand_reference_container_7523_1(); var l_obj_Target = jQuery('#' + p_str_TargetID); if (l_obj_Target.length) { jQuery( 'html, body' ).delay( 0 ); jQuery('html, body').animate({ scrollTop: l_obj_Target.offset().top - window.innerHeight * 0.2 }, 380); } }<\/script>","protected":false},"excerpt":{"rendered":"<p>[vc_row][vc_column width=&#8221;1\/4&#8243;][vc_column_text]\u00a0[\/vc_column_text][\/vc_column][vc_column width=&#8221;3\/4&#8243;][vc_empty_space height=&#8221;5px&#8221;][\/vc_column][\/vc_row][vc_row][vc_column width=&#8221;1\/4&#8243;][\/vc_column][vc_column width=&#8221;3\/4&#8243;][vc_column_text] In Sardegna l\u2019isolamento del detenuto vale triplo [\/vc_column_text][vc_column_text]Era il 1998 quando &#8211; per volont\u00e0 di Sandro Margara, indimenticato giudice di sorveglianza e capo dell\u2019amministrazione penitenziaria &#8211; il carcere dell\u2019Asinara chiuse in via definitiva. Poco meno di vent\u2019anni prima, il 2 ottobre 1979, c\u2019era stata la rivolta nella sezione speciale [&hellip;]<\/p>\n","protected":false},"author":8,"featured_media":7372,"comment_status":"open","ping_status":"open","sticky":false,"template":"","format":"standard","meta":{"_acf_changed":false,"om_disable_all_campaigns":false,"_monsterinsights_skip_tracking":false,"_monsterinsights_sitenote_active":false,"_monsterinsights_sitenote_note":"","_monsterinsights_sitenote_category":0,"footnotes":""},"categories":[9],"tags":[],"acf":[],"_links":{"self":[{"href":"https:\/\/www.rapportoantigone.it\/ventesimo-rapporto-sulle-condizioni-di-detenzione\/wp-json\/wp\/v2\/posts\/7523"}],"collection":[{"href":"https:\/\/www.rapportoantigone.it\/ventesimo-rapporto-sulle-condizioni-di-detenzione\/wp-json\/wp\/v2\/posts"}],"about":[{"href":"https:\/\/www.rapportoantigone.it\/ventesimo-rapporto-sulle-condizioni-di-detenzione\/wp-json\/wp\/v2\/types\/post"}],"author":[{"embeddable":true,"href":"https:\/\/www.rapportoantigone.it\/ventesimo-rapporto-sulle-condizioni-di-detenzione\/wp-json\/wp\/v2\/users\/8"}],"replies":[{"embeddable":true,"href":"https:\/\/www.rapportoantigone.it\/ventesimo-rapporto-sulle-condizioni-di-detenzione\/wp-json\/wp\/v2\/comments?post=7523"}],"version-history":[{"count":3,"href":"https:\/\/www.rapportoantigone.it\/ventesimo-rapporto-sulle-condizioni-di-detenzione\/wp-json\/wp\/v2\/posts\/7523\/revisions"}],"predecessor-version":[{"id":7663,"href":"https:\/\/www.rapportoantigone.it\/ventesimo-rapporto-sulle-condizioni-di-detenzione\/wp-json\/wp\/v2\/posts\/7523\/revisions\/7663"}],"wp:featuredmedia":[{"embeddable":true,"href":"https:\/\/www.rapportoantigone.it\/ventesimo-rapporto-sulle-condizioni-di-detenzione\/wp-json\/wp\/v2\/media\/7372"}],"wp:attachment":[{"href":"https:\/\/www.rapportoantigone.it\/ventesimo-rapporto-sulle-condizioni-di-detenzione\/wp-json\/wp\/v2\/media?parent=7523"}],"wp:term":[{"taxonomy":"category","embeddable":true,"href":"https:\/\/www.rapportoantigone.it\/ventesimo-rapporto-sulle-condizioni-di-detenzione\/wp-json\/wp\/v2\/categories?post=7523"},{"taxonomy":"post_tag","embeddable":true,"href":"https:\/\/www.rapportoantigone.it\/ventesimo-rapporto-sulle-condizioni-di-detenzione\/wp-json\/wp\/v2\/tags?post=7523"}],"curies":[{"name":"wp","href":"https:\/\/api.w.org\/{rel}","templated":true}]}}