{"id":7526,"date":"2024-04-18T11:48:18","date_gmt":"2024-04-18T09:48:18","guid":{"rendered":"https:\/\/www.rapportoantigone.it\/ventesimo-rapporto-sulle-condizioni-di-detenzione\/?p=7526"},"modified":"2024-04-18T11:51:11","modified_gmt":"2024-04-18T09:51:11","slug":"detenuti-lgbt","status":"publish","type":"post","link":"https:\/\/www.rapportoantigone.it\/ventesimo-rapporto-sulle-condizioni-di-detenzione\/detenuti-lgbt\/","title":{"rendered":"Detenuti LGBT"},"content":{"rendered":"<p>[vc_row][vc_column width=&#8221;1\/4&#8243;]<h4 class=\"grve-element grve-align-left grve-title-no-line grve-h4 autore\" style=\"\"><span>di Daniela Ronco<\/span><\/h4>[vc_column_text]<!-- Simple Share Buttons Adder (8.5.4) simplesharebuttons.com --><div class=\"ssba-modern-2 ssba ssbp-wrap aligncenter ssbp--theme-1\"><div style=\"text-align:center\"><span class=\"ssba-share-text\">Share this...<\/span><br\/><ul class=\"ssbp-list\"><li class='ssbp-li--facebook'><a data-site=\"facebook\" class=\"ssba_facebook_share ssba_share_link ssbp-facebook ssbp-btn\" href=\"https:\/\/www.facebook.com\/sharer.php?t=Detenuti LGBT&u=https:\/\/www.rapportoantigone.it\/ventesimo-rapporto-sulle-condizioni-di-detenzione\/wp-json\/wp\/v2\/posts\/7526\"  target=_blank  style=\"color:#4267B2; background-color: #4267B2; height: 40px; width: 40px; \" ><span><svg xmlns=\"http:\/\/www.w3.org\/2000\/svg\" fill=\"#fff\" preserveAspectRatio=\"xMidYMid meet\" height=\"1em\" width=\"1em\" viewBox=\"0 0 40 40\">\n  <g>\n    <path d=\"m21.7 16.7h5v5h-5v11.6h-5v-11.6h-5v-5h5v-2.1c0-2 0.6-4.5 1.8-5.9 1.3-1.3 2.8-2 4.7-2h3.5v5h-3.5c-0.9 0-1.5 0.6-1.5 1.5v3.5z\"><\/path>\n  <\/g>\n<\/svg>\n\n<\/span><span class=\"color-icon\"><svg xmlns=\"http:\/\/www.w3.org\/2000\/svg\" width=\"16\" height=\"28\" viewBox=\"0 0 16 28\">\n  <path fill=\"#3B5998\" d=\"M10.7,10.7 L15.7,10.7 L15.7,15.7 L10.7,15.7 L10.7,27.3 L5.7,27.3 L5.7,15.7 L0.7,15.7 L0.7,10.7 L5.7,10.7 L5.7,8.6 C5.7,6.6 6.3,4.1 7.5,2.7 C8.8,1.4 10.3,0.7 12.2,0.7 L15.7,0.7 L15.7,5.7 L12.2,5.7 C11.3,5.7 10.7,6.3 10.7,7.2 L10.7,10.7 Z\"\/>\n<\/svg>\n<\/span><div title=\"Facebook\" class=\"ssbp-text\">Facebook<\/div><\/a><\/li><li class='ssbp-li--whatsapp'><a data-site=\"whatsapp\" class=\"ssba_whatsapp_share ssba_share_link ssbp-whatsapp ssbp-btn\" href=\"https:\/\/web.whatsapp.com\/send?text=https:\/\/www.rapportoantigone.it\/ventesimo-rapporto-sulle-condizioni-di-detenzione\/wp-json\/wp\/v2\/posts\/7526\"  target=_blank  style=\"color:#25d366; background-color: #25d366; height: 40px; width: 40px; \" ><span><svg xmlns=\"http:\/\/www.w3.org\/2000\/svg\" fill=\"#fff\" preserveAspectRatio=\"xMidYMid meet\" height=\"1em\" width=\"1em\" viewBox=\"0 0 40 40\">\n  <g>\n    <path d=\"m25 21.7q0.3 0 2.2 1t2 1.2q0 0.1 0 0.3 0 0.8-0.4 1.7-0.3 0.9-1.6 1.5t-2.2 0.6q-1.3 0-4.3-1.4-2.2-1-3.8-2.6t-3.3-4.2q-1.6-2.3-1.6-4.3v-0.2q0.1-2 1.7-3.5 0.5-0.5 1.2-0.5 0.1 0 0.4 0t0.4 0.1q0.4 0 0.6 0.1t0.3 0.6q0.2 0.5 0.8 2t0.5 1.7q0 0.5-0.8 1.3t-0.7 1q0 0.2 0.1 0.3 0.7 1.7 2.3 3.1 1.2 1.2 3.3 2.2 0.3 0.2 0.5 0.2 0.4 0 1.2-1.1t1.2-1.1z m-4.5 11.9q2.8 0 5.4-1.1t4.5-3 3-4.5 1.1-5.4-1.1-5.5-3-4.5-4.5-2.9-5.4-1.2-5.5 1.2-4.5 2.9-2.9 4.5-1.2 5.5q0 4.5 2.7 8.2l-1.7 5.2 5.4-1.8q3.5 2.4 7.7 2.4z m0-30.9q3.4 0 6.5 1.4t5.4 3.6 3.5 5.3 1.4 6.6-1.4 6.5-3.5 5.3-5.4 3.6-6.5 1.4q-4.4 0-8.2-2.1l-9.3 3 3-9.1q-2.4-3.9-2.4-8.6 0-3.5 1.4-6.6t3.6-5.3 5.3-3.6 6.6-1.4z\"><\/path>\n  <\/g>\n<\/svg>\n\n<\/span><span class=\"color-icon\"><svg xmlns=\"http:\/\/www.w3.org\/2000\/svg\" width=\"35\" height=\"36\" viewBox=\"0 0 35 36\">\n  <path fill=\"#25D366\" d=\"M22,19.7 C22.2,19.7 22.9333333,20.0333333 24.2,20.7 C25.4666667,21.3666667 26.1333333,21.7666667 26.2,21.9 C26.2,21.9666667 26.2,22.0666667 26.2,22.2 C26.2,22.7333333 26.0666667,23.3 25.8,23.9 C25.6,24.5 25.0666667,25 24.2,25.4 C23.3333333,25.8 22.6,26 22,26 C21.1333333,26 19.7,25.5333333 17.7,24.6 C16.2333333,23.9333333 14.9666667,23.0666667 13.9,22 C12.8333333,20.9333333 11.7333333,19.5333333 10.6,17.8 C9.53333333,16.2666667 9,14.8333333 9,13.5 L9,13.3 C9.06666667,11.9666667 9.63333333,10.8 10.7,9.8 C11.0333333,9.46666667 11.4333333,9.3 11.9,9.3 C11.9666667,9.3 12.1,9.3 12.3,9.3 C12.5,9.3 12.6333333,9.33333333 12.7,9.4 C12.9666667,9.4 13.1666667,9.43333333 13.3,9.5 C13.4333333,9.56666667 13.5333333,9.76666667 13.6,10.1 C13.7333333,10.4333333 14,11.1 14.4,12.1 C14.8,13.1 14.9666667,13.6666667 14.9,13.8 C14.9,14.1333333 14.6333333,14.5666667 14.1,15.1 C13.5666667,15.6333333 13.3333333,15.9666667 13.4,16.1 C13.4,16.2333333 13.4333333,16.3333333 13.5,16.4 C13.9666667,17.5333333 14.7333333,18.5666667 15.8,19.5 C16.6,20.3 17.7,21.0333333 19.1,21.7 C19.3,21.8333333 19.4666667,21.9 19.6,21.9 C19.8666667,21.9 20.2666667,21.5333333 20.8,20.8 C21.3333333,20.0666667 21.7333333,19.7 22,19.7 Z M17.5,31.6 C19.3666667,31.6 21.1666667,31.2333333 22.9,30.5 C24.6333333,29.7666667 26.1333333,28.7666667 27.4,27.5 C28.6666667,26.2333333 29.6666667,24.7333333 30.4,23 C31.1333333,21.2666667 31.5,19.4666667 31.5,17.6 C31.5,15.7333333 31.1333333,13.9 30.4,12.1 C29.6666667,10.3 28.6666667,8.8 27.4,7.6 C26.1333333,6.4 24.6333333,5.43333333 22.9,4.7 C21.1666667,3.96666667 19.3666667,3.56666667 17.5,3.5 C15.6333333,3.43333333 13.8,3.83333333 12,4.7 C10.2,5.56666667 8.7,6.53333333 7.5,7.6 C6.3,8.66666667 5.33333333,10.1666667 4.6,12.1 C3.86666667,14.0333333 3.46666667,15.8666667 3.4,17.6 C3.4,20.6 4.3,23.3333333 6.1,25.8 L4.4,31 L9.8,29.2 C12.1333333,30.8 14.7,31.6 17.5,31.6 Z M17.5,0.7 C19.7666667,0.7 21.9333333,1.16666667 24,2.1 C26.0666667,3.03333333 27.8666667,4.23333333 29.4,5.7 C30.9333333,7.16666667 32.1,8.93333333 32.9,11 C33.7,13.0666667 34.1666667,15.2666667 34.3,17.6 C34.4333333,19.9333333 33.9666667,22.1 32.9,24.1 C31.8333333,26.1 30.6666667,27.8666667 29.4,29.4 C28.1333333,30.9333333 26.3333333,32.1333333 24,33 C21.6666667,33.8666667 19.5,34.3333333 17.5,34.4 C14.5666667,34.4 11.8333333,33.7 9.3,32.3 L0,35.3 L3,26.2 C1.4,23.6 0.6,20.7333333 0.6,17.6 C0.6,15.2666667 1.06666667,13.0666667 2,11 C2.93333333,8.93333333 4.13333333,7.16666667 5.6,5.7 C7.06666667,4.23333333 8.83333333,3.03333333 10.9,2.1 C12.9666667,1.16666667 15.1666667,0.7 17.5,0.7 Z\"\/>\n<\/svg>\n<\/span><div title=\"Whatsapp\" class=\"ssbp-text\">Whatsapp<\/div><\/a><\/li><li class='ssbp-li--twitter'><a data-site=\"twitter\" class=\"ssba_twitter_share ssba_share_link ssbp-twitter ssbp-btn\" href=\"https:\/\/twitter.com\/intent\/tweet?text=Detenuti LGBT&url=https:\/\/www.rapportoantigone.it\/ventesimo-rapporto-sulle-condizioni-di-detenzione\/wp-json\/wp\/v2\/posts\/7526&via=\"  target=_blank  style=\"color:#000000; background-color: #000000; height: 40px; width: 40px; \" ><span><svg width=\"25\" height=\"25\" viewBox=\"0 0 25 25\" fill=\"none\" xmlns=\"http:\/\/www.w3.org\/2000\/svg\">\n    <rect width=\"25\" height=\"25\" \/>\n    <path d=\"M14.4821 11.6218L21.0389 4H19.4852L13.7919 10.6179L9.24467 4H4L10.8763 14.0074L4 22H5.55385L11.5661 15.0113L16.3683 22H21.613L14.4821 11.6218ZM6.11371 5.16972H8.50031L19.4859 20.8835H17.0993L6.11371 5.16972Z\" fill=\"white\"\/>\n<\/svg>\n<\/span><span class=\"color-icon\"><svg width=\"25\" height=\"25\" viewBox=\"0 0 25 25\" fill=\"none\" xmlns=\"http:\/\/www.w3.org\/2000\/svg\">\n\t<rect width=\"25\" height=\"25\" \/>\n\t<path d=\"M14.4821 11.6218L21.0389 4H19.4852L13.7919 10.6179L9.24467 4H4L10.8763 14.0074L4 22H5.55385L11.5661 15.0113L16.3683 22H21.613L14.4821 11.6218ZM6.11371 5.16972H8.50031L19.4859 20.8835H17.0993L6.11371 5.16972Z\" fill=\"#000000\"\/>\n<\/svg>\n<\/span><div title=\"Twitter\" class=\"ssbp-text\">Twitter<\/div><\/a><\/li><li class='ssbp-li--linkedin'><a data-site=\"linkedin\" class=\"ssba_linkedin_share ssba_share_link ssbp-linkedin ssbp-btn\" href=\"https:\/\/www.linkedin.com\/shareArticle?title=Detenuti LGBT&url=https:\/\/www.rapportoantigone.it\/ventesimo-rapporto-sulle-condizioni-di-detenzione\/wp-json\/wp\/v2\/posts\/7526\"  target=_blank  style=\"color:#0077b5; background-color: #0077b5; height: 40px; width: 40px; \" ><span><svg xmlns=\"http:\/\/www.w3.org\/2000\/svg\" fill=\"#fff\" preserveAspectRatio=\"xMidYMid meet\" height=\"1em\" width=\"1em\" viewBox=\"0 0 40 40\">\n  <g>\n    <path d=\"m13.3 31.7h-5v-16.7h5v16.7z m18.4 0h-5v-8.9c0-2.4-0.9-3.5-2.5-3.5-1.3 0-2.1 0.6-2.5 1.9v10.5h-5s0-15 0-16.7h3.9l0.3 3.3h0.1c1-1.6 2.7-2.8 4.9-2.8 1.7 0 3.1 0.5 4.2 1.7 1 1.2 1.6 2.8 1.6 5.1v9.4z m-18.3-20.9c0 1.4-1.1 2.5-2.6 2.5s-2.5-1.1-2.5-2.5 1.1-2.5 2.5-2.5 2.6 1.2 2.6 2.5z\"><\/path>\n  <\/g>\n<\/svg>\n\n<\/span><span class=\"color-icon\"><svg xmlns=\"http:\/\/www.w3.org\/2000\/svg\" xmlns:xlink=\"http:\/\/www.w3.org\/1999\/xlink\" width=\"50px\" height=\"50px\" viewBox=\"0 0 50 50\" version=\"1.1\">\n<g id=\"surface97807\">\n<path style=\" stroke:none;fill-rule:nonzero;fill:rgb(0%,46.666667%,70.980392%);fill-opacity:1;\" d=\"M 8 3.007812 C 4.53125 3.007812 2.007812 5.089844 2.007812 7.949219 C 2.007812 10.820312 4.589844 12.988281 8 12.988281 C 11.46875 12.988281 13.988281 10.871094 13.988281 7.890625 C 13.832031 5.019531 11.359375 3.007812 8 3.007812 Z M 3 15 C 2.449219 15 2 15.449219 2 16 L 2 45 C 2 45.550781 2.449219 46 3 46 L 13 46 C 13.550781 46 14 45.550781 14 45 L 14 16 C 14 15.449219 13.550781 15 13 15 Z M 18 15 C 17.449219 15 17 15.449219 17 16 L 17 45 C 17 45.550781 17.449219 46 18 46 L 27 46 C 27.550781 46 28 45.550781 28 45 L 28 29.5 C 28 27.128906 29.820312 25.199219 32.140625 25.019531 C 32.261719 25 32.378906 25 32.5 25 C 32.621094 25 32.738281 25 32.859375 25.019531 C 35.179688 25.199219 37 27.128906 37 29.5 L 37 45 C 37 45.550781 37.449219 46 38 46 L 47 46 C 47.550781 46 48 45.550781 48 45 L 48 28 C 48 21.53125 44.527344 15 36.789062 15 C 33.269531 15 30.609375 16.359375 29 17.488281 L 29 16 C 29 15.449219 28.550781 15 28 15 Z M 18 15 \"\/>\n<\/g>\n<\/svg>\n<\/span><div title=\"Linkedin\" class=\"ssbp-text\">Linkedin<\/div><\/a><\/li><\/ul><\/div><\/div>\u00a0    [\/vc_column_text][\/vc_column][vc_column width=&#8221;3\/4&#8243;]<h4 class=\"grve-element grve-align-left grve-title-no-line grve-h4 titolo\" style=\"\"><span>Carcere, intersezionalit\u00e0, identit\u00e0 di genere: l\u2019impatto della detenzione sulle persone LGBT+<\/span><\/h4>[vc_empty_space height=&#8221;5px&#8221;][\/vc_column][\/vc_row][vc_row][vc_column width=&#8221;1\/4&#8243;][\/vc_column][vc_column width=&#8221;3\/4&#8243;][vc_column_text]<\/p>\n<h3>Identit\u00e0 di genere e processi di criminalizzazione<\/h3>\n<p>[\/vc_column_text][vc_column_text]A livello globale, ottenere dati e informazioni sui numeri delle persone LGBT+ in carcere \u00e8 molto difficile, per via della frequente marginalit\u00e0 che ne caratterizza le biografie, dentro o fuori dal carcere. Questo spesso si traduce in carenze nella presa in carico di bisogni o nella realizzazione di attivit\u00e0 trattamentali: essendo le informazioni solo frammentate o parziali, spesso le autorit\u00e0 si trovano a prendere decisioni e programmare interventi sulla base di senso comune e pregiudizi, come ha evidenziato l\u2019UN Independent Expert on protection against violence and discrimination based on sexual orientation and gender identity nel 2019.<span class=\"footnote_referrer\"><a role=\"button\" tabindex=\"0\" onclick=\"footnote_moveToReference_7526_1('footnote_plugin_reference_7526_1_1');\" onkeypress=\"footnote_moveToReference_7526_1('footnote_plugin_reference_7526_1_1');\" ><sup id=\"footnote_plugin_tooltip_7526_1_1\" class=\"footnote_plugin_tooltip_text\">1)<\/sup><\/a><span id=\"footnote_plugin_tooltip_text_7526_1_1\" class=\"footnote_tooltip\"><\/span><\/span><\/p>\n<p>Il Global Prison Trends 2023 fornisce pochi dati su alcuni specifici contesti territoriali: a titolo esemplificativo, il report evidenzia la presenza di 90.000 persone che si identificano come lesbiche, gay o bisessuali nelle prigioni americane (sia prisons che jails), 6.000 persone che si identificano come transgender (sempre negli Stati Uniti, ma esclusivamente nelle prisons, mancano invece dati sulle jails), 230 persone transgender nelle prigioni di Inghilterra e Galles, 91 persone transgender nei penitenziari indiani, 1.701 persone appartenenti alla comunit\u00e0 LGBT+ nelle prigioni colombiane (pari allo 0,9% del totale della popolazione detenuta nel paese).<span class=\"footnote_referrer\"><a role=\"button\" tabindex=\"0\" onclick=\"footnote_moveToReference_7526_1('footnote_plugin_reference_7526_1_2');\" onkeypress=\"footnote_moveToReference_7526_1('footnote_plugin_reference_7526_1_2');\" ><sup id=\"footnote_plugin_tooltip_7526_1_2\" class=\"footnote_plugin_tooltip_text\">2)<\/sup><\/a><span id=\"footnote_plugin_tooltip_text_7526_1_2\" class=\"footnote_tooltip\"><\/span><\/span>[\/vc_column_text][\/vc_column][\/vc_row][vc_row][vc_column width=&#8221;1\/4&#8243;][vc_column_text el_class=&#8221;citazione&#8221;]I pochi dati a disposizione sono il risultato di una evidente e diffusa frammentazione nella raccolta, ma, al contempo, mostrano una significativa sovra-rappresentazione delle persone LGBT+ [\/vc_column_text][\/vc_column][vc_column width=&#8221;3\/4&#8243;][vc_column_text]I pochi dati a disposizione sono il risultato di una evidente e diffusa frammentazione nella raccolta, ma, al contempo, mostrano una significativa sovra-rappresentazione delle persone LGBT+ all\u2019interno dei penitenziari di molti paesi<span class=\"footnote_referrer\"><a role=\"button\" tabindex=\"0\" onclick=\"footnote_moveToReference_7526_1('footnote_plugin_reference_7526_1_3');\" onkeypress=\"footnote_moveToReference_7526_1('footnote_plugin_reference_7526_1_3');\" ><sup id=\"footnote_plugin_tooltip_7526_1_3\" class=\"footnote_plugin_tooltip_text\">3)<\/sup><\/a><span id=\"footnote_plugin_tooltip_text_7526_1_3\" class=\"footnote_tooltip\"><\/span><\/span>. Come hanno evidenziato Day e Gill<span class=\"footnote_referrer\"><a role=\"button\" tabindex=\"0\" onclick=\"footnote_moveToReference_7526_1('footnote_plugin_reference_7526_1_4');\" onkeypress=\"footnote_moveToReference_7526_1('footnote_plugin_reference_7526_1_4');\" ><sup id=\"footnote_plugin_tooltip_7526_1_4\" class=\"footnote_plugin_tooltip_text\">4)<\/sup><\/a><span id=\"footnote_plugin_tooltip_text_7526_1_4\" class=\"footnote_tooltip\"><\/span><\/span>, spesso osserviamo il convergere di bassi livelli di istruzione, condizioni socio-economiche precarie, legami familiari fragili, dunque un quadro complessivo di vulnerabilit\u00e0 strettamente connessa all\u2019intersezionalit\u00e0 legata a classe, razza, appartenenza etnica e identit\u00e0 di genere. Al di l\u00e0 di forme di criminalizzazione<span class=\"footnote_referrer\"><a role=\"button\" tabindex=\"0\" onclick=\"footnote_moveToReference_7526_1('footnote_plugin_reference_7526_1_5');\" onkeypress=\"footnote_moveToReference_7526_1('footnote_plugin_reference_7526_1_5');\" ><sup id=\"footnote_plugin_tooltip_7526_1_5\" class=\"footnote_plugin_tooltip_text\">5)<\/sup><\/a><span id=\"footnote_plugin_tooltip_text_7526_1_5\" class=\"footnote_tooltip\"><\/span><\/span> specifiche legate in alcuni paesi all\u2019identit\u00e0 di genere o al sex work, le persone LGBT+ spesso sperimentano fuori dal carcere varie forme di discriminazione (ad esempio nella ricerca di casa e lavoro) che possono contribuire ad aumentare le probabilit\u00e0 di finire nelle maglie della giustizia penale e dunque di essere oggetto di processi di criminalizzazione. Questo vale per tutte le fasi, dall\u2019incontro con le agenzie di controllo, fino all\u2019esecuzione penale interna o esterna al carcere.[\/vc_column_text][\/vc_column][\/vc_row][vc_row][vc_column width=&#8221;1\/4&#8243;][vc_column_text el_class=&#8221;citazione&#8221;]La discriminazione contro le persone LGBT+ si verifica lungo un continuum che va dall&#8217;invisibilit\u00e0 a comportamenti palesemente discriminatori, compresi abusi verbali e fisici.[\/vc_column_text][\/vc_column][vc_column width=&#8221;3\/4&#8243;][vc_column_text]Al contempo, tuttavia, l\u2019invisibilit\u00e0 all\u2019interno della quale le persone LGBT+ si trovano a vivere la detenzione, spesso determina un significativo livello di \u201csommerso\u201d che, ancora una volta, non consente di avere una corretta fotografia della questione dell\u2019identit\u00e0 di genere nel penitenziario e, conseguentemente, determina la possibilit\u00e0 di sottovalutare i rischi di discriminazione e violenza cui \u00e8 possibile incorrere all\u2019interno del carcere. All&#8217;interno del contesto penitenziario, la discriminazione contro le persone LGBT+ si verifica lungo un continuum che va dall&#8217;invisibilit\u00e0 a comportamenti palesemente discriminatori, compresi abusi verbali e fisici<span class=\"footnote_referrer\"><a role=\"button\" tabindex=\"0\" onclick=\"footnote_moveToReference_7526_1('footnote_plugin_reference_7526_1_6');\" onkeypress=\"footnote_moveToReference_7526_1('footnote_plugin_reference_7526_1_6');\" ><sup id=\"footnote_plugin_tooltip_7526_1_6\" class=\"footnote_plugin_tooltip_text\">6)<\/sup><\/a><span id=\"footnote_plugin_tooltip_text_7526_1_6\" class=\"footnote_tooltip\"><\/span><\/span>.[\/vc_column_text][\/vc_column][\/vc_row][vc_row][vc_column width=&#8221;1\/4&#8243;][\/vc_column][vc_column width=&#8221;3\/4&#8243;][vc_column_text]<\/p>\n<h3>Circuitazione e rischi di isolamento delle persone transessuali: i dati sull\u2019Italia<\/h3>\n<p>[\/vc_column_text][vc_column_text]Il caso italiano non si discosta dal panorama internazionale in quanto a frammentariet\u00e0 nella raccolta dati e ricostruzione del fenomeno. Nel primo rapporto di Antigone sulle donne detenute in Italia, pubblicato nel 2023<span class=\"footnote_referrer\"><a role=\"button\" tabindex=\"0\" onclick=\"footnote_moveToReference_7526_1('footnote_plugin_reference_7526_1_7');\" onkeypress=\"footnote_moveToReference_7526_1('footnote_plugin_reference_7526_1_7');\" ><sup id=\"footnote_plugin_tooltip_7526_1_7\" class=\"footnote_plugin_tooltip_text\">7)<\/sup><\/a><span id=\"footnote_plugin_tooltip_text_7526_1_7\" class=\"footnote_tooltip\"><\/span><\/span>, sono raccolti i dati sulle persone transessuali, complessivamente 72 in tutta Italia, collocate in 6 istituti (Roma Rebibbia, Como, Reggio Emilia, Ivrea, Belluno e Napoli Secondigliano). Tanto i numeri quanto la collocazione delle persone transgender risultano in continua evoluzione, ma restano uno spaccato piuttosto contenuto rispetto alla popolazione detenuta complessiva<span class=\"footnote_referrer\"><a role=\"button\" tabindex=\"0\" onclick=\"footnote_moveToReference_7526_1('footnote_plugin_reference_7526_1_8');\" onkeypress=\"footnote_moveToReference_7526_1('footnote_plugin_reference_7526_1_8');\" ><sup id=\"footnote_plugin_tooltip_7526_1_8\" class=\"footnote_plugin_tooltip_text\">8)<\/sup><\/a><span id=\"footnote_plugin_tooltip_text_7526_1_8\" class=\"footnote_tooltip\"><\/span><\/span>. Diverso \u00e8 il caso della popolazione LGBT+ complessivamente intesa, per la quale \u00e8 sostanzialmente impossibile avere una fotografia minimamente rappresentativa. Il Dipartimento Amministrazione Penitenziaria ha tentato ad esempio di tracciare la categoria omosex facendo riferimento esclusivamente a omosessuali maschi dichiarati, registrando, nel febbraio 2022, 64 persone<span class=\"footnote_referrer\"><a role=\"button\" tabindex=\"0\" onclick=\"footnote_moveToReference_7526_1('footnote_plugin_reference_7526_1_9');\" onkeypress=\"footnote_moveToReference_7526_1('footnote_plugin_reference_7526_1_9');\" ><sup id=\"footnote_plugin_tooltip_7526_1_9\" class=\"footnote_plugin_tooltip_text\">9)<\/sup><\/a><span id=\"footnote_plugin_tooltip_text_7526_1_9\" class=\"footnote_tooltip\"><\/span><\/span>. Si tratta evidentemente di un dato ben poco significativo. Al di l\u00e0 delle difficolt\u00e0 di classificazione che derivano dalla complessit\u00e0 dell\u2019identit\u00e0 di genere, il contesto penitenziario \u00e8 pervaso da regole, formali e informali, che disegnano un modello fondato sull\u2019iper-mascolinit\u00e0 e su un sistema binario da cui \u00e8 difficile uscire, con un\u2019inevitabile compromissione dell\u2019affermazione e della libert\u00e0 di espressione della propria identit\u00e0 di genere.<\/p>\n<p>Il numero contenuto di persone individuate negli isolati tentativi di mappatura non deve dunque indurre a pensare che si tratti di una questione marginale o di scarso rilievo all\u2019interno del sistema penitenziario. Se, da un lato, non \u00e8 facile ricostruire il fenomeno in tutte le sue complesse sfaccettature, dall\u2019altro lato i rischi di discriminazione risultano particolarmente elevati. Da questo punto di vista, i processi, formali e informali, di circuitazione attorno a cui il nostro sistema penitenziario \u00e8 venuto progressivamente a modellarsi<span class=\"footnote_referrer\"><a role=\"button\" tabindex=\"0\" onclick=\"footnote_moveToReference_7526_1('footnote_plugin_reference_7526_1_10');\" onkeypress=\"footnote_moveToReference_7526_1('footnote_plugin_reference_7526_1_10');\" ><sup id=\"footnote_plugin_tooltip_7526_1_10\" class=\"footnote_plugin_tooltip_text\">10)<\/sup><\/a><span id=\"footnote_plugin_tooltip_text_7526_1_10\" class=\"footnote_tooltip\"><\/span><\/span>, hanno determinato, nel caso specifico della gestione delle questioni di genere dentro al penitenziario, una precisa divisione improntata sul sistema binario, che vede l\u2019affermarsi della rigida separazione maschio\/femmina e che individua in sezioni apposite situate in reparti maschili la principale collocazione delle persone detenute transgender<span class=\"footnote_referrer\"><a role=\"button\" tabindex=\"0\" onclick=\"footnote_moveToReference_7526_1('footnote_plugin_reference_7526_1_11');\" onkeypress=\"footnote_moveToReference_7526_1('footnote_plugin_reference_7526_1_11');\" ><sup id=\"footnote_plugin_tooltip_7526_1_11\" class=\"footnote_plugin_tooltip_text\">11)<\/sup><\/a><span id=\"footnote_plugin_tooltip_text_7526_1_11\" class=\"footnote_tooltip\"><\/span><\/span>.[\/vc_column_text][\/vc_column][\/vc_row][vc_row][vc_column width=&#8221;1\/4&#8243;][vc_column_text el_class=&#8221;citazione&#8221;]Il dibattito attorno alle giustificazioni utilizzate per realizzare e mantenere la separazione (la protezione da possibili soprusi) e i rischi della stessa (l\u2019isolamento e la privazione di vari diritti) richiama la pi\u00f9 ampia distinzione tra normalizzazione \/<br \/>\nsegregazione[\/vc_column_text][\/vc_column][vc_column width=&#8221;3\/4&#8243;][vc_column_text]Il dibattito attorno alle giustificazioni utilizzate per realizzare e mantenere la separazione (la protezione da possibili soprusi) e i rischi della stessa (l\u2019isolamento e la privazione di vari diritti) richiama la pi\u00f9 ampia distinzione tra normalizzazione\/segregazione che, come ben emerge dall\u2019attivit\u00e0 di osservazione, risulta sempre pi\u00f9 sbilanciata sulla seconda e, dunque, sulla e separazione sul confinamento di gruppi sociali ritenuti, per diverse ragioni, di difficile \u201cgestione\u201d. [\/vc_column_text][\/vc_column][\/vc_row][vc_row][vc_column width=&#8221;1\/4&#8243;][\/vc_column][vc_column width=&#8221;3\/4&#8243;][vc_column_text]<\/p>\n<h3>L\u2019impatto della detenzione su salute e benessere delle persone transessuali<\/h3>\n<p>[\/vc_column_text][vc_column_text]Le discriminazioni subite dalle persone transessuali dentro al penitenziario impattano quindi significativamente sulla loro salute e sul loro benessere, intesi tanto dal punto di vista fisico, che psichico che sociale, anche tenendo conto della interrelazione tra i tre aspetti.[\/vc_column_text][\/vc_column][\/vc_row][vc_row][vc_column width=&#8221;1\/4&#8243;][vc_column_text el_class=&#8221;citazione&#8221;]Una seconda criticit\u00e0 che riguarda specificatamente il penitenziario ha a che fare invece con la possibilit\u00e0 di garantire la continuit\u00e0 delle cure[\/vc_column_text][\/vc_column][vc_column width=&#8221;3\/4&#8243;][vc_column_text]Partendo dal modello biomedico di salute, la legge 164\/1982 ha previsto la possibilit\u00e0 per la persona transessuale di modificare il proprio sesso anagrafico sulla base della propria identit\u00e0 di genere. In seguito, vari tribunali hanno iniziato ad autorizzare la rettifica dei dati anagrafici senza la necessit\u00e0 di sottoporsi al trattamento chirurgico, definendo cos\u00ec come prioritario il diritto alla salute e la possibilit\u00e0 per la persona di esprimere la propria identit\u00e0 di genere senza sottoporsi ad interventi. Parallelamente, si sono diffuse le terapie ormonali sostitutive, ossia l\u2019assunzione di ormoni femminilizzanti o mascolinizzanti per modificare i tratti sessuali secondari. A partire dal 2020 l\u2019Italia si \u00e8 allineata al contesto europeo, stabilendo che tali terapie diventassero a totale carico del Servizio Sanitario Nazionale e dunque gratuite per i richiedenti. Dall\u2019osservazione del contesto penitenziario emergono almeno due grandi criticit\u00e0 rispetto all\u2019esercizio di tale diritto in carcere. La prima riguarda l\u2019accesso ai centri specializzati nell\u2019elargire questo tipo di servizio: questi centri sono pochi e si rileva quella situazione a mappa di leopardo che riflette la regionalizzazione del Servizio Sanitario Nazionale e dunque differenze territoriali in termini di tempistiche e criticit\u00e0 di carattere organizzativo per l\u2019invio nelle strutture carcerarie di esperti endocrinologi e altri specialisti. Una seconda criticit\u00e0 che riguarda specificatamente il penitenziario ha a che fare invece con la possibilit\u00e0 di garantire la continuit\u00e0 delle cure, tanto in ingresso (per chi abbia gi\u00e0 avviato un percorso e vuole portarlo avanti dentro al carcere), quanto in uscita (per le difficolt\u00e0 a tenere agganciate le persone all\u2019uscita dal carcere, come nel caso di persone straniere con procedimenti di espulsione in atto), quanto durante la stessa detenzione, dove i trasferimenti tra istituti non sono infrequenti e possono determinare interruzioni e ostacoli ai percorsi di cura e trattamento.[\/vc_column_text][vc_column_text]Il riferimento ad una dimensione di salute in senso prettamente \u201cbiomedico\u201d, tuttavia, rischia di non cogliere la complessit\u00e0 dei percorsi di transizione, che non necessariamente vanno identificati nel sistema binario in cui molte persone non si riconoscono (non a caso si parla pi\u00f9 opportunamente di <em>affermazione<\/em> di genere, anzich\u00e9 di <em>transizione<\/em> di genere). Per questo in generale tali percorsi andrebbero accompagnati da equipe multiprofessionali (non esclusivamente mediche). Questo pare piuttosto problematico in un contesto penitenziario, per almeno due fattori. Innanzitutto, nel caso di persone detenute, occorre considerare il pi\u00f9 generale drammatico impatto della detenzione, che incide su questi percorsi per via dell\u2019aumento del malessere e del disagio psichico (espresso ad esempio dai numerosi eventi critici, autolesionismo in primis) legati alla privazione della libert\u00e0 e alla durezza della condizione detentiva. In secondo luogo, tra le figure istituzionali previste dal sistema penitenziario per monitorare il benessere psichico sono presenti in genere soltanto psichiatri e psicologi, che peraltro sono notoriamente in grande sofferenza in termini numerici complessivi e nel rapporto ore\/paziente. Si tratta evidentemente di una rilevante criticit\u00e0 che riguarda tutto il penitenziario. Quello che qui emerge \u00e8 una concreta manifestazione della grande difficolt\u00e0 del penitenziario a garantire percorsi individualizzati, soprattutto se consideriamo che i percorsi di transizione non sono uguali per tutti.[\/vc_column_text][\/vc_column][\/vc_row][vc_row][vc_column width=&#8221;1\/4&#8243;][vc_column_text el_class=&#8221;citazione&#8221;]Accade spesso in carcere che uno specifico stato di malessere venga associato al contempo a dipendenze, disagio psichico, patologie di vario tipo, non infrequenti nel contesto penitenziario[\/vc_column_text][\/vc_column][vc_column width=&#8221;3\/4&#8243;][vc_column_text]Se consideriamo, infine, le rappresentazioni sociali della salute e della malattia, ossia il significato che gli altri attribuiscono ad una specifica condizione e al modo in cui viene percepito chi si trovi in quella condizione, pu\u00f2 accadere che la persona vada incontro a varie forme di stigmatizzazione. Accade spesso in carcere che uno specifico stato di malessere venga associato al contempo a dipendenze, disagio psichico, patologie di vario tipo, non infrequenti nel contesto penitenziario, per cui spesso la persona detenuta va incontro a plurimi e intricati processi di stigmatizzazione.[\/vc_column_text][vc_column_text]L\u2019istituzione penitenziaria spesso fatica a trattare queste plurime criticit\u00e0, per cui, oltre alla medicalizzazione, ossia la gestione demandata all\u2019area sanitaria, la risposta pi\u00f9 frequentemente messa in atto \u00e8 quella della collocazione in sezioni apposite, quella tendenza ad allocare le persone detenute a seconda della specifica \u201ccategoria\u201d di appartenenza (tossicodipendenti in trattamento, circuito protetti, ecc.). \u00c8 in tale cornice generale che sono venute a crearsi negli anni anche le sezioni protette destinate alle persone LGBT+. L\u2019obiettivo formale che sta dietro alla circuitazione in generale, si \u00e8 visto, \u00e8 spesso quello di \u201cproteggere\u201d le persone qui ristrette (soprattutto da eventuali sopraffazioni che si ritiene altre persone detenute potrebbero mettere in atto) o offrire un trattamento (sanitario o penitenziario) pi\u00f9 efficace. Nel caso specifico delle persone LGBT+, cos\u00ec come in molti altri casi, tuttavia, \u00e8 possibile che si sviluppi un effetto perverso duplice: da un lato, un surplus di stigmatizzazione nei confronti di queste persone (detenute e collocate in una sezione protetta); dall\u2019altro lato, una rilevante limitazione nell\u2019accesso alle attivit\u00e0 trattamentali, per la difficolt\u00e0 ad organizzare attivit\u00e0 per numeri in genere limitati di persone e l\u2019impossibilit\u00e0 a partecipare ad attivit\u00e0 previste per la popolazione detenuta comune. Tutto ci\u00f2 pu\u00f2 cos\u00ec tradursi in un surplus di afflittivit\u00e0 della pena e in un aumento di malessere per la persona.<\/p>\n<p>La discriminazione e i rischi di abusi e violenze impattano dunque evidentemente sulla salute e sul benessere psico-fisico delle persone detenute. Nonostante il crescente riconoscimento della necessit\u00e0 di identificare e proteggere gruppi potenzialmente vulnerabili negli ambienti carcerari, c&#8217;\u00e8 ancora bisogno di comprendere pi\u00f9 approfonditamente le esigenze delle persone LGBT+. Nel contesto italiano, ad esempio, a fronte di un crescente impegno dell\u2019associazionismo e dell\u2019attivismo nell\u2019evidenziare i rischi di discriminazione e violenza a cui le persone LGBT+ detenute possono andare incontro, resta carente un\u2019attenzione specifica, da parte della ricerca ad esempio, volta a ricostruire il punto di vista delle persone coinvolte, sia per quanto riguarda i propri bisogni, sia per ci\u00f2 che concerne le aspettative e gli auspici su come fronteggiare la propria condizione di vulnerabilit\u00e0. [\/vc_column_text][\/vc_column][\/vc_row]<\/p>\n<div class=\"speaker-mute footnotes_reference_container\"> <div class=\"footnote_container_prepare\"><p><span role=\"button\" tabindex=\"0\" class=\"footnote_reference_container_label pointer\" onclick=\"footnote_expand_collapse_reference_container_7526_1();\">References<\/span><span role=\"button\" tabindex=\"0\" class=\"footnote_reference_container_collapse_button\" style=\"display: none;\" onclick=\"footnote_expand_collapse_reference_container_7526_1();\">[<a id=\"footnote_reference_container_collapse_button_7526_1\">+<\/a>]<\/span><\/p><\/div> <div id=\"footnote_references_container_7526_1\" style=\"\"><table class=\"footnotes_table footnote-reference-container\"><caption class=\"accessibility\">References<\/caption> <tbody> \r\n\r\n<tr class=\"footnotes_plugin_reference_row\"> <th scope=\"row\" class=\"footnote_plugin_index_combi pointer\"  onclick=\"footnote_moveToAnchor_7526_1('footnote_plugin_tooltip_7526_1_1');\"><a id=\"footnote_plugin_reference_7526_1_1\" class=\"footnote_backlink\"><span class=\"footnote_index_arrow\">&#8593;<\/span>1<\/a><\/th> <td class=\"footnote_plugin_text\"><span class=\"footnote_url_wrap\">https:\/\/www.penalreform.org\/global-prison-trends-2021\/lgbtq-people-in-prison\/<\/span><\/td><\/tr>\r\n\r\n<tr class=\"footnotes_plugin_reference_row\"> <th scope=\"row\" class=\"footnote_plugin_index_combi pointer\"  onclick=\"footnote_moveToAnchor_7526_1('footnote_plugin_tooltip_7526_1_2');\"><a id=\"footnote_plugin_reference_7526_1_2\" class=\"footnote_backlink\"><span class=\"footnote_index_arrow\">&#8593;<\/span>2<\/a><\/th> <td class=\"footnote_plugin_text\"><span style=\"font-weight: 400;\">Fernandes, F. L., Kaufmann, B., & Kaufmann, K. (2021), LGBT+ People in Prisons: Experiences in England and Scotland (Executive Summary). University of Dundee, <span class=\"footnote_url_wrap\">https:\/\/doi.org\/10.20933\/100001166<\/span><\/span><\/td><\/tr>\r\n\r\n<tr class=\"footnotes_plugin_reference_row\"> <th scope=\"row\" class=\"footnote_plugin_index_combi pointer\"  onclick=\"footnote_moveToAnchor_7526_1('footnote_plugin_tooltip_7526_1_3');\"><a id=\"footnote_plugin_reference_7526_1_3\" class=\"footnote_backlink\"><span class=\"footnote_index_arrow\">&#8593;<\/span>3<\/a><\/th> <td class=\"footnote_plugin_text\"><span style=\"font-weight: 400;\">Majd K., Marksamer J., Reyes C. (2009), Hidden injustice: Lesbian, Gay, Bisexual and Transgender Youth in Juvenile Courts. Legal Services for Children, National Juvenile Defender Center, and National Center for Lesbian Rights, <span class=\"footnote_url_wrap\">http:\/\/www.equityproject.org\/wp-content\/uploads\/2014\/08\/hidden_injustice.pdf<\/span><\/span><\/td><\/tr>\r\n\r\n<tr class=\"footnotes_plugin_reference_row\"> <th scope=\"row\" class=\"footnote_plugin_index_combi pointer\"  onclick=\"footnote_moveToAnchor_7526_1('footnote_plugin_tooltip_7526_1_4');\"><a id=\"footnote_plugin_reference_7526_1_4\" class=\"footnote_backlink\"><span class=\"footnote_index_arrow\">&#8593;<\/span>4<\/a><\/th> <td class=\"footnote_plugin_text\"><span style=\"font-weight: 400;\">Day, A. S. and Gill, A. K. (2020). Applying Intersectionality to Partnerships between Women\u2019s Organizations and the Criminal Justice System in Relation to Domestic Violence. The British Journal of Criminology, 60(4):830-850.<\/span><\/td><\/tr>\r\n\r\n<tr class=\"footnotes_plugin_reference_row\"> <th scope=\"row\" class=\"footnote_plugin_index_combi pointer\"  onclick=\"footnote_moveToAnchor_7526_1('footnote_plugin_tooltip_7526_1_5');\"><a id=\"footnote_plugin_reference_7526_1_5\" class=\"footnote_backlink\"><span class=\"footnote_index_arrow\">&#8593;<\/span>5<\/a><\/th> <td class=\"footnote_plugin_text\"><span class=\"footnote_url_wrap\">https:\/\/www.aclu.org\/news\/lgbtq-rights\/pride-has-always-been-about-ending-mass-incarceration<\/span><\/td><\/tr>\r\n\r\n<tr class=\"footnotes_plugin_reference_row\"> <th scope=\"row\" class=\"footnote_plugin_index_combi pointer\"  onclick=\"footnote_moveToAnchor_7526_1('footnote_plugin_tooltip_7526_1_6');\"><a id=\"footnote_plugin_reference_7526_1_6\" class=\"footnote_backlink\"><span class=\"footnote_index_arrow\">&#8593;<\/span>6<\/a><\/th> <td class=\"footnote_plugin_text\"><span style=\"font-weight: 400;\">White-Hughto J.M., Clark K.A., Altice F.L., Reisner S.L., Kershaw T.S., Pachankis J.E. (2018), Creating, reinforcing, and resisting the gender binary: A qualitative study of transgender women\u2019s healthcare experiences in sex-segregated jails and prisons. Int. J. Prison. Health, 14:69\u201388.<\/span><\/td><\/tr>\r\n\r\n<tr class=\"footnotes_plugin_reference_row\"> <th scope=\"row\" class=\"footnote_plugin_index_combi pointer\"  onclick=\"footnote_moveToAnchor_7526_1('footnote_plugin_tooltip_7526_1_7');\"><a id=\"footnote_plugin_reference_7526_1_7\" class=\"footnote_backlink\"><span class=\"footnote_index_arrow\">&#8593;<\/span>7<\/a><\/th> <td class=\"footnote_plugin_text\"><a href=\"https:\/\/www.rapportoantigone.it\/primo-rapporto-sulle-donne-detenute-in-italia\/category\/sezioni-transessuali\/\"><span style=\"font-weight: 400;\"><span class=\"footnote_url_wrap\">https:\/\/www.rapportoantigone.it\/primo-rapporto-sulle-donne-detenute-in-italia\/category\/sezioni-transessuali\/<\/span><\/span><\/a><span style=\"font-weight: 400;\">, dati all\u20198 marzo 2023.<\/span><\/td><\/tr>\r\n\r\n<tr class=\"footnotes_plugin_reference_row\"> <th scope=\"row\" class=\"footnote_plugin_index_combi pointer\"  onclick=\"footnote_moveToAnchor_7526_1('footnote_plugin_tooltip_7526_1_8');\"><a id=\"footnote_plugin_reference_7526_1_8\" class=\"footnote_backlink\"><span class=\"footnote_index_arrow\">&#8593;<\/span>8<\/a><\/th> <td class=\"footnote_plugin_text\"><span style=\"font-weight: 400;\">Ronco D., (2023), Diritti LGBTQI+ in carcere: la difficile affermazione dell\u2019identit\u00e0 di genere tra norme, pratiche e spazi del penitenziario, Diciannovesimo Rapporto di Antigone sulle condizioni di detenzione, <span class=\"footnote_url_wrap\">https:\/\/www.rapportoantigone.it\/diciannovesimo-rapporto-sulle-condizioni-di-detenzione\/i-diritti-lgbtqi-in-carcere\/<\/span><\/span><\/td><\/tr>\r\n\r\n<tr class=\"footnotes_plugin_reference_row\"> <th scope=\"row\" class=\"footnote_plugin_index_combi pointer\"  onclick=\"footnote_moveToAnchor_7526_1('footnote_plugin_tooltip_7526_1_9');\"><a id=\"footnote_plugin_reference_7526_1_9\" class=\"footnote_backlink\"><span class=\"footnote_index_arrow\">&#8593;<\/span>9<\/a><\/th> <td class=\"footnote_plugin_text\"><span style=\"font-weight: 400;\">Rossi A. (2022), I diritti LGBT+ : Il carcere alla prova del principio di non discriminazione verso la differenza sessuale e di genere, Diciottesimo Rapporto di Antigone sulle condizioni di detenzione,\u00a0 <\/span><a href=\"https:\/\/www.rapportoantigone.it\/diciottesimo-rapporto-sulle-condizioni-di-detenzione\/i-diritti-lgbt-in-carcere\/\"><span style=\"font-weight: 400;\"><span class=\"footnote_url_wrap\">https:\/\/www.rapportoantigone.it\/diciottesimo-rapporto-sulle-condizioni-di-detenzione\/i-diritti-lgbt-in-carcere\/<\/span><\/span><\/a><\/td><\/tr>\r\n\r\n<tr class=\"footnotes_plugin_reference_row\"> <th scope=\"row\" class=\"footnote_plugin_index_combi pointer\"  onclick=\"footnote_moveToAnchor_7526_1('footnote_plugin_tooltip_7526_1_10');\"><a id=\"footnote_plugin_reference_7526_1_10\" class=\"footnote_backlink\"><span class=\"footnote_index_arrow\">&#8593;<\/span>10<\/a><\/th> <td class=\"footnote_plugin_text\"><span style=\"font-weight: 400;\">Cfr. nello specifico il numero monografico di Antigone 2-2017 curato da Simone Santorso e Francesca Vianello (<\/span><a href=\"https:\/\/www.antigone.it\/archivio-rivista#parentVerticalTab14\"><span style=\"font-weight: 400;\"><span class=\"footnote_url_wrap\">https:\/\/www.antigone.it\/archivio-rivista#parentVerticalTab14<\/span><\/span><\/a><span style=\"font-weight: 400;\">)<\/span><\/td><\/tr>\r\n\r\n<tr class=\"footnotes_plugin_reference_row\"> <th scope=\"row\" class=\"footnote_plugin_index_combi pointer\"  onclick=\"footnote_moveToAnchor_7526_1('footnote_plugin_tooltip_7526_1_11');\"><a id=\"footnote_plugin_reference_7526_1_11\" class=\"footnote_backlink\"><span class=\"footnote_index_arrow\">&#8593;<\/span>11<\/a><\/th> <td class=\"footnote_plugin_text\"><span style=\"font-weight: 400;\">Ciuffoletti S. (2019), Carcere e Antidiscriminazione. Prime prove di tutela dei diritti a fronte della (dimidiata) riforma dell\u2019ordinamento penitenziario. GenIUS \u2013 Rivista di Studi Giuridici sull\u2019Orientamento Sessuale e l\u2019Identit\u00e0 di Genere, 2<\/span><\/td><\/tr>\r\n\r\n <\/tbody> <\/table> <\/div><\/div><script type=\"text\/javascript\"> function footnote_expand_reference_container_7526_1() { jQuery('#footnote_references_container_7526_1').show(); jQuery('#footnote_reference_container_collapse_button_7526_1').text('\u2212'); } function footnote_collapse_reference_container_7526_1() { jQuery('#footnote_references_container_7526_1').hide(); jQuery('#footnote_reference_container_collapse_button_7526_1').text('+'); } function footnote_expand_collapse_reference_container_7526_1() { if (jQuery('#footnote_references_container_7526_1').is(':hidden')) { footnote_expand_reference_container_7526_1(); } else { footnote_collapse_reference_container_7526_1(); } } function footnote_moveToReference_7526_1(p_str_TargetID) { footnote_expand_reference_container_7526_1(); var l_obj_Target = jQuery('#' + p_str_TargetID); if (l_obj_Target.length) { jQuery( 'html, body' ).delay( 0 ); jQuery('html, body').animate({ scrollTop: l_obj_Target.offset().top - window.innerHeight * 0.2 }, 380); } } function footnote_moveToAnchor_7526_1(p_str_TargetID) { footnote_expand_reference_container_7526_1(); var l_obj_Target = jQuery('#' + p_str_TargetID); if (l_obj_Target.length) { jQuery( 'html, body' ).delay( 0 ); jQuery('html, body').animate({ scrollTop: l_obj_Target.offset().top - window.innerHeight * 0.2 }, 380); } }<\/script>","protected":false},"excerpt":{"rendered":"<p>[vc_row][vc_column width=&#8221;1\/4&#8243;][vc_column_text]\u00a0[\/vc_column_text][\/vc_column][vc_column width=&#8221;3\/4&#8243;][vc_empty_space height=&#8221;5px&#8221;][\/vc_column][\/vc_row][vc_row][vc_column width=&#8221;1\/4&#8243;][\/vc_column][vc_column width=&#8221;3\/4&#8243;][vc_column_text] Identit\u00e0 di genere e processi di criminalizzazione [\/vc_column_text][vc_column_text]A livello globale, ottenere dati e informazioni sui numeri delle persone LGBT+ in carcere \u00e8 molto difficile, per via della frequente marginalit\u00e0 che ne caratterizza le biografie, dentro o fuori dal carcere. Questo spesso si traduce in carenze nella presa in carico [&hellip;]<\/p>\n","protected":false},"author":8,"featured_media":7372,"comment_status":"open","ping_status":"open","sticky":false,"template":"","format":"standard","meta":{"_acf_changed":false,"om_disable_all_campaigns":false,"_monsterinsights_skip_tracking":false,"_monsterinsights_sitenote_active":false,"_monsterinsights_sitenote_note":"","_monsterinsights_sitenote_category":0,"footnotes":""},"categories":[9],"tags":[],"acf":[],"_links":{"self":[{"href":"https:\/\/www.rapportoantigone.it\/ventesimo-rapporto-sulle-condizioni-di-detenzione\/wp-json\/wp\/v2\/posts\/7526"}],"collection":[{"href":"https:\/\/www.rapportoantigone.it\/ventesimo-rapporto-sulle-condizioni-di-detenzione\/wp-json\/wp\/v2\/posts"}],"about":[{"href":"https:\/\/www.rapportoantigone.it\/ventesimo-rapporto-sulle-condizioni-di-detenzione\/wp-json\/wp\/v2\/types\/post"}],"author":[{"embeddable":true,"href":"https:\/\/www.rapportoantigone.it\/ventesimo-rapporto-sulle-condizioni-di-detenzione\/wp-json\/wp\/v2\/users\/8"}],"replies":[{"embeddable":true,"href":"https:\/\/www.rapportoantigone.it\/ventesimo-rapporto-sulle-condizioni-di-detenzione\/wp-json\/wp\/v2\/comments?post=7526"}],"version-history":[{"count":3,"href":"https:\/\/www.rapportoantigone.it\/ventesimo-rapporto-sulle-condizioni-di-detenzione\/wp-json\/wp\/v2\/posts\/7526\/revisions"}],"predecessor-version":[{"id":7529,"href":"https:\/\/www.rapportoantigone.it\/ventesimo-rapporto-sulle-condizioni-di-detenzione\/wp-json\/wp\/v2\/posts\/7526\/revisions\/7529"}],"wp:featuredmedia":[{"embeddable":true,"href":"https:\/\/www.rapportoantigone.it\/ventesimo-rapporto-sulle-condizioni-di-detenzione\/wp-json\/wp\/v2\/media\/7372"}],"wp:attachment":[{"href":"https:\/\/www.rapportoantigone.it\/ventesimo-rapporto-sulle-condizioni-di-detenzione\/wp-json\/wp\/v2\/media?parent=7526"}],"wp:term":[{"taxonomy":"category","embeddable":true,"href":"https:\/\/www.rapportoantigone.it\/ventesimo-rapporto-sulle-condizioni-di-detenzione\/wp-json\/wp\/v2\/categories?post=7526"},{"taxonomy":"post_tag","embeddable":true,"href":"https:\/\/www.rapportoantigone.it\/ventesimo-rapporto-sulle-condizioni-di-detenzione\/wp-json\/wp\/v2\/tags?post=7526"}],"curies":[{"name":"wp","href":"https:\/\/api.w.org\/{rel}","templated":true}]}}